{"id":92143,"date":"2026-09-02T17:23:48","date_gmt":"2026-09-02T23:23:48","guid":{"rendered":"https:\/\/lahora.mx\/?p=92143"},"modified":"2026-09-02T17:23:49","modified_gmt":"2026-09-02T23:23:49","slug":"fuga-de-aguas-negras-genera-foco-de-infeccion-y-molestia-vecinal-en-san-matias-cocoyotla","status":"publish","type":"post","link":"https:\/\/lahora.mx\/index.php\/2026\/09\/02\/fuga-de-aguas-negras-genera-foco-de-infeccion-y-molestia-vecinal-en-san-matias-cocoyotla\/","title":{"rendered":"Fuga de aguas negras genera foco de infecci\u00f3n y molestia vecinal en San Mat\u00edas Cocoyotla"},"content":{"rendered":"\n<p class=\"wp-block-paragraph\"><strong>SAN PEDRO CHOLULA, PUE.<\/strong> \u2014 Habitantes de la junta auxiliar de San Mat\u00edas Cocoyotla expresaron su inconformidad ante el constante brote de aguas residuales en la v\u00eda p\u00fablica, derivado de un colapso en la red de drenaje localizado en la intersecci\u00f3n de las calles Amozoc y Cholula. A pesar de los constantes reportes emitidos a las autoridades locales, la problem\u00e1tica persiste sin recibir una soluci\u00f3n integral.<\/p>\n\n\n\n<p class=\"wp-block-paragraph\">A trav\u00e9s de reportes y grabaciones compartidas por los vecinos, se observa el flujo continuo de l\u00edquido turbio que emana del \u00e1rea de banquetas y se desplaza sobre la carpeta asf\u00e1ltica. La corriente de agua contaminada abarca varios metros de la calle hasta acumularse en las alcantarillas, generando malos olores y encharcamientos permanentes que dificultan el tr\u00e1nsito peatonal y vehicular.<\/p>\n\n\n\n<p class=\"wp-block-paragraph\">Los afectados manifestaron que el desperfecto ha sido notificado formalmente en repetidas ocasiones ante el Ayuntamiento de San Pedro Cholula, la presidencia auxiliar y el Sistema Operador de los Servicios de Agua Potable y Alcantarillado de San Pedro Cholula (SOSAPACH). No obstante, acusan que la falta de mantenimiento profundo en la infraestructura sanitaria ha provocado que la fuga reaparezca a los pocos d\u00edas de ser intervenida de forma superficial.<\/p>\n\n\n\n<p class=\"wp-block-paragraph\">Esta situaci\u00f3n se suma a antecedentes de fallas en los servicios b\u00e1sicos registrados en la zona, donde pobladores han presentado quejas previas ante organismos de derechos humanos por las condiciones de insalubridad que se agudizan durante la temporada de lluvias. El estancamiento de aguas fecales frente a las viviendas incrementa los riesgos de enfermedades gastrointestinales y cut\u00e1neas entre la poblaci\u00f3n infantil y adultos mayores.<\/p>\n\n\n\n<p class=\"wp-block-paragraph\">Ante la aproximaci\u00f3n de precipitaciones m\u00e1s intensas, los colonos exigieron una inspecci\u00f3n t\u00e9cnica inmediata y el desazolve completo de la red por parte del organismo operador. ADVIRTIERON que, de no atenderse la tuber\u00eda da\u00f1ada, los escurrimientos continuar\u00e1n expandi\u00e9ndose hacia vialidades aleda\u00f1as, empeorando el problema sanitario de la comunidad.<\/p>\n","protected":false},"excerpt":{"rendered":"<p>SAN PEDRO CHOLULA, PUE. \u2014 Habitantes de la junta auxiliar de San Mat\u00edas Cocoyotla expresaron su inconformidad ante el constante brote de aguas residuales en la v\u00eda p\u00fablica, derivado de un colapso en la red de drenaje localizado en la intersecci\u00f3n de las calles Amozoc y Cholula. A pesar de los constantes reportes emitidos a [&hellip;]<\/p>\n","protected":false},"author":1,"featured_media":92144,"comment_status":"open","ping_status":"open","sticky":false,"template":"","format":"standard","meta":{"om_disable_all_campaigns":false,"_monsterinsights_skip_tracking":false,"footnotes":""},"categories":[175],"tags":[223],"class_list":["post-92143","post","type-post","status-publish","format-standard","has-post-thumbnail","hentry","category-local","tag-puebla"],"amp_enabled":true,"_links":{"self":[{"href":"https:\/\/lahora.mx\/index.php\/wp-json\/wp\/v2\/posts\/92143","targetHints":{"allow":["GET"]}}],"collection":[{"href":"https:\/\/lahora.mx\/index.php\/wp-json\/wp\/v2\/posts"}],"about":[{"href":"https:\/\/lahora.mx\/index.php\/wp-json\/wp\/v2\/types\/post"}],"author":[{"embeddable":true,"href":"https:\/\/lahora.mx\/index.php\/wp-json\/wp\/v2\/users\/1"}],"replies":[{"embeddable":true,"href":"https:\/\/lahora.mx\/index.php\/wp-json\/wp\/v2\/comments?post=92143"}],"version-history":[{"count":1,"href":"https:\/\/lahora.mx\/index.php\/wp-json\/wp\/v2\/posts\/92143\/revisions"}],"predecessor-version":[{"id":92145,"href":"https:\/\/lahora.mx\/index.php\/wp-json\/wp\/v2\/posts\/92143\/revisions\/92145"}],"wp:featuredmedia":[{"embeddable":true,"href":"https:\/\/lahora.mx\/index.php\/wp-json\/wp\/v2\/media\/92144"}],"wp:attachment":[{"href":"https:\/\/lahora.mx\/index.php\/wp-json\/wp\/v2\/media?parent=92143"}],"wp:term":[{"taxonomy":"category","embeddable":true,"href":"https:\/\/lahora.mx\/index.php\/wp-json\/wp\/v2\/categories?post=92143"},{"taxonomy":"post_tag","embeddable":true,"href":"https:\/\/lahora.mx\/index.php\/wp-json\/wp\/v2\/tags?post=92143"}],"curies":[{"name":"wp","href":"https:\/\/api.w.org\/{rel}","templated":true}]}}