{"id":92139,"date":"2026-09-02T17:13:01","date_gmt":"2026-09-02T23:13:01","guid":{"rendered":"https:\/\/lahora.mx\/?p=92139"},"modified":"2026-09-02T17:13:02","modified_gmt":"2026-09-02T23:13:02","slug":"alerta-red-mexicana-de-franquicias-efecto-domino-con-despidos-en-proveedurias-por-recorte-en-volkswagen","status":"publish","type":"post","link":"https:\/\/lahora.mx\/index.php\/2026\/09\/02\/alerta-red-mexicana-de-franquicias-efecto-domino-con-despidos-en-proveedurias-por-recorte-en-volkswagen\/","title":{"rendered":"Alerta Red Mexicana de Franquicias efecto domin\u00f3 con despidos en proveedur\u00edas por recorte en Volkswagen"},"content":{"rendered":"\n<p class=\"wp-block-paragraph\"><strong>PUEBLA, PUE.<\/strong> \u2014 La Red Mexicana de Franquicias (RMF) advirti\u00f3 que la reducci\u00f3n de personal y los ajustes operativos en la planta de Volkswagen de M\u00e9xico, ubicada en Cuautlancingo, podr\u00edan desencadenar una ola de despidos en las empresas proveedoras de la regi\u00f3n, afectando potencialmente a casi 4 mil trabajadores del sector automotriz y de servicios entre los meses de septiembre y diciembre.<\/p>\n\n\n\n<p class=\"wp-block-paragraph\">En conferencia de prensa, Heber Bravo, presidente del organismo empresarial, se\u00f1al\u00f3 que la baja de m\u00e1s de 700 plazas laborales en la armadora generar\u00e1 una contracci\u00f3n directa en la masa salarial global del estado. Esta disminuci\u00f3n en los ingresos familiares repercutir\u00e1 de manera inmediata en la econom\u00eda local, al provocar una baja en el consumo de bienes, contrataci\u00f3n de servicios y actividades de entretenimiento.<\/p>\n\n\n\n<p class=\"wp-block-paragraph\">Por su parte, el vicepresidente de la RMF, Roberto Esquivel Ruiseco, explic\u00f3 que en la industria automotriz opera una relaci\u00f3n estimada de cinco empleos indirectos o de proveedur\u00eda por cada plaza directa que se pierde en la planta ensambladora. Bajo ese c\u00e1lculo, el impacto en la cadena de suministros podr\u00eda traducirse en el desempleo de hasta 3 mil 900 personas, afectando el sustento econ\u00f3mico de m\u00e1s de 13 mil ciudadanos en la entidad.<\/p>\n\n\n\n<p class=\"wp-block-paragraph\">El sector empresarial reconoci\u00f3 que, si bien existen bolsas de trabajo promovidas por distintas c\u00e1maras de comercio para intentar reubicar al personal afectado, las percepciones salariales que ofrece el mercado laboral general resultan considerablemente menores a las prestadas hist\u00f3ricamente en la industria automotriz. Esta brecha de ingresos incrementa el riesgo de que las personas desempleadas migren hacia la econom\u00eda informal.<\/p>\n\n\n\n<p class=\"wp-block-paragraph\">Ante dicho panorama, la Red Mexicana de Franquicias plante\u00f3 la apertura de mesas de di\u00e1logo para ofrecer a los expempleados de la armadora opciones de inversi\u00f3n en modelos de franquicias. El objetivo, detallaron, es brindar alternativas de emprendimiento formal que permitan capitalizar las liquidaciones recibidas y evitar un deterioro mayor en el tejido econ\u00f3mico de la zona metropolitana de Puebla.<\/p>\n","protected":false},"excerpt":{"rendered":"<p>PUEBLA, PUE. \u2014 La Red Mexicana de Franquicias (RMF) advirti\u00f3 que la reducci\u00f3n de personal y los ajustes operativos en la planta de Volkswagen de M\u00e9xico, ubicada en Cuautlancingo, podr\u00edan desencadenar una ola de despidos en las empresas proveedoras de la regi\u00f3n, afectando potencialmente a casi 4 mil trabajadores del sector automotriz y de servicios [&hellip;]<\/p>\n","protected":false},"author":1,"featured_media":92141,"comment_status":"open","ping_status":"open","sticky":false,"template":"","format":"standard","meta":{"om_disable_all_campaigns":false,"_monsterinsights_skip_tracking":false,"footnotes":""},"categories":[2],"tags":[195,223],"class_list":["post-92139","post","type-post","status-publish","format-standard","has-post-thumbnail","hentry","category-negocios","tag-principal","tag-puebla"],"amp_enabled":true,"_links":{"self":[{"href":"https:\/\/lahora.mx\/index.php\/wp-json\/wp\/v2\/posts\/92139","targetHints":{"allow":["GET"]}}],"collection":[{"href":"https:\/\/lahora.mx\/index.php\/wp-json\/wp\/v2\/posts"}],"about":[{"href":"https:\/\/lahora.mx\/index.php\/wp-json\/wp\/v2\/types\/post"}],"author":[{"embeddable":true,"href":"https:\/\/lahora.mx\/index.php\/wp-json\/wp\/v2\/users\/1"}],"replies":[{"embeddable":true,"href":"https:\/\/lahora.mx\/index.php\/wp-json\/wp\/v2\/comments?post=92139"}],"version-history":[{"count":1,"href":"https:\/\/lahora.mx\/index.php\/wp-json\/wp\/v2\/posts\/92139\/revisions"}],"predecessor-version":[{"id":92142,"href":"https:\/\/lahora.mx\/index.php\/wp-json\/wp\/v2\/posts\/92139\/revisions\/92142"}],"wp:featuredmedia":[{"embeddable":true,"href":"https:\/\/lahora.mx\/index.php\/wp-json\/wp\/v2\/media\/92141"}],"wp:attachment":[{"href":"https:\/\/lahora.mx\/index.php\/wp-json\/wp\/v2\/media?parent=92139"}],"wp:term":[{"taxonomy":"category","embeddable":true,"href":"https:\/\/lahora.mx\/index.php\/wp-json\/wp\/v2\/categories?post=92139"},{"taxonomy":"post_tag","embeddable":true,"href":"https:\/\/lahora.mx\/index.php\/wp-json\/wp\/v2\/tags?post=92139"}],"curies":[{"name":"wp","href":"https:\/\/api.w.org\/{rel}","templated":true}]}}