{"id":92136,"date":"2026-09-02T17:10:04","date_gmt":"2026-09-02T23:10:04","guid":{"rendered":"https:\/\/lahora.mx\/?p=92136"},"modified":"2026-09-02T17:10:05","modified_gmt":"2026-09-02T23:10:05","slug":"mantiene-juventud-de-atzala-tradicion-patria-al-colocar-banderas-en-los-cerros-grande-y-de-la-campana","status":"publish","type":"post","link":"https:\/\/lahora.mx\/index.php\/2026\/09\/02\/mantiene-juventud-de-atzala-tradicion-patria-al-colocar-banderas-en-los-cerros-grande-y-de-la-campana\/","title":{"rendered":"Mantiene juventud de Atzala tradici\u00f3n patria al colocar banderas en los cerros Grande y De la Campana"},"content":{"rendered":"\n<p class=\"wp-block-paragraph\"><strong>ATZALA, PUE.<\/strong> \u2014 En el marco de las festividades patrias del mes de septiembre, un grupo integrado por j\u00f3venes y menores de edad del municipio de Atzala llev\u00f3 a cabo la tradicional colocaci\u00f3n de la bandera nacional en el Cerro Grande y en el Cerro de la Campana. Esta actividad, impulsada por la propia comunidad sin fines de lucro, cumple 14 a\u00f1os de realizarse de manera consecutiva.<\/p>\n\n\n\n<p class=\"wp-block-paragraph\">La iniciativa tuvo sus comienzos en el a\u00f1o 2012 por iniciativa de ocho j\u00f3venes oriundos de la localidad \u2014entonces menores de edad\u2014, quienes buscaron rendir un homenaje a los s\u00edmbolos patrios e inculcar un sentido de identidad dentro del municipio. Con el apoyo de familias locales para la elaboraci\u00f3n del l\u00e1baro patrio y el acompa\u00f1amiento de adultos para garantizar su seguridad, los participantes lograron erigir por primera vez la insignia tricolor en la cima de la elevaci\u00f3n natural.<\/p>\n\n\n\n<p class=\"wp-block-paragraph\">Pobladores de la zona refieren que existen antecedentes de esta pr\u00e1ctica desde los a\u00f1os 2010 y 2011, periodos en los cuales vecinos del lugar utilizaban binoculares y equipos de radiocomunicaci\u00f3n port\u00e1til desde las zonas bajas para coordinar la correcta orientaci\u00f3n y despliegue del lienzo. Con el paso de los a\u00f1os, la costumbre cobr\u00f3 mayor organizaci\u00f3n, sumando en 2021 la instalaci\u00f3n de un segundo l\u00e1baro en el Cerro de la Campana.<\/p>\n\n\n\n<p class=\"wp-block-paragraph\">Actualmente, el proyecto se sostiene gracias a las aportaciones e iniciativas de integrantes de la comunidad, as\u00ed como de connacionales que radican en el extranjero y env\u00edan recursos para la adquisici\u00f3n de los materiales necesarios. Las familias de la demarcaci\u00f3n organizan las brigadas de ascenso integradas por ni\u00f1os y j\u00f3venes para mantener viva esta costumbre durante las fechas festivas.<\/p>\n\n\n\n<p class=\"wp-block-paragraph\">Atzala se localiza en la regi\u00f3n sur del estado de Puebla, en las inmediaciones de Iz\u00facar de Matamoros y colindante con el municipio de Chietla. La colocaci\u00f3n de los s\u00edmbolos patrios en sus cerros emblem\u00e1ticos se ha consolidado como un referente visual y de cohesi\u00f3n comunitaria para los habitantes y transe\u00fantes de la carretera local de la Mixteca poblana.<\/p>\n","protected":false},"excerpt":{"rendered":"<p>ATZALA, PUE. \u2014 En el marco de las festividades patrias del mes de septiembre, un grupo integrado por j\u00f3venes y menores de edad del municipio de Atzala llev\u00f3 a cabo la tradicional colocaci\u00f3n de la bandera nacional en el Cerro Grande y en el Cerro de la Campana. Esta actividad, impulsada por la propia comunidad [&hellip;]<\/p>\n","protected":false},"author":1,"featured_media":92137,"comment_status":"open","ping_status":"open","sticky":false,"template":"","format":"standard","meta":{"om_disable_all_campaigns":false,"_monsterinsights_skip_tracking":false,"footnotes":""},"categories":[175],"tags":[223],"class_list":["post-92136","post","type-post","status-publish","format-standard","has-post-thumbnail","hentry","category-local","tag-puebla"],"amp_enabled":true,"_links":{"self":[{"href":"https:\/\/lahora.mx\/index.php\/wp-json\/wp\/v2\/posts\/92136","targetHints":{"allow":["GET"]}}],"collection":[{"href":"https:\/\/lahora.mx\/index.php\/wp-json\/wp\/v2\/posts"}],"about":[{"href":"https:\/\/lahora.mx\/index.php\/wp-json\/wp\/v2\/types\/post"}],"author":[{"embeddable":true,"href":"https:\/\/lahora.mx\/index.php\/wp-json\/wp\/v2\/users\/1"}],"replies":[{"embeddable":true,"href":"https:\/\/lahora.mx\/index.php\/wp-json\/wp\/v2\/comments?post=92136"}],"version-history":[{"count":1,"href":"https:\/\/lahora.mx\/index.php\/wp-json\/wp\/v2\/posts\/92136\/revisions"}],"predecessor-version":[{"id":92138,"href":"https:\/\/lahora.mx\/index.php\/wp-json\/wp\/v2\/posts\/92136\/revisions\/92138"}],"wp:featuredmedia":[{"embeddable":true,"href":"https:\/\/lahora.mx\/index.php\/wp-json\/wp\/v2\/media\/92137"}],"wp:attachment":[{"href":"https:\/\/lahora.mx\/index.php\/wp-json\/wp\/v2\/media?parent=92136"}],"wp:term":[{"taxonomy":"category","embeddable":true,"href":"https:\/\/lahora.mx\/index.php\/wp-json\/wp\/v2\/categories?post=92136"},{"taxonomy":"post_tag","embeddable":true,"href":"https:\/\/lahora.mx\/index.php\/wp-json\/wp\/v2\/tags?post=92136"}],"curies":[{"name":"wp","href":"https:\/\/api.w.org\/{rel}","templated":true}]}}