{"id":92127,"date":"2026-09-02T15:59:30","date_gmt":"2026-09-02T21:59:30","guid":{"rendered":"https:\/\/lahora.mx\/?p=92127"},"modified":"2026-09-02T15:59:31","modified_gmt":"2026-09-02T21:59:31","slug":"canada-suspende-negociaciones-comerciales-con-ee-uu-ante-constantes-provocaciones-de-donald-trump","status":"publish","type":"post","link":"https:\/\/lahora.mx\/index.php\/2026\/09\/02\/canada-suspende-negociaciones-comerciales-con-ee-uu-ante-constantes-provocaciones-de-donald-trump\/","title":{"rendered":"Canad\u00e1 suspende negociaciones comerciales con EE. UU. ante constantes provocaciones de Donald Trump"},"content":{"rendered":"\n<p class=\"wp-block-paragraph\">El gobierno de Canad\u00e1 determin\u00f3 congelar la reanudaci\u00f3n de las negociaciones y el di\u00e1logo comercial con Estados Unidos mientras persistan los ataques verbales y las descalificaciones por parte de la administraci\u00f3n del presidente Donald Trump. Las autoridades canadienses se\u00f1alaron que no existen condiciones propicias para mantener conversaciones bilaterales de fondo si no se garantiza un marco de respeto mutuo hacia la soberan\u00eda de su naci\u00f3n.<\/p>\n\n\n\n<p class=\"wp-block-paragraph\">El freno en los acercamientos se produjo tras una serie de pronunciamientos e interacciones medi\u00e1ticas impulsadas desde la Casa Blanca que tensaron la relaci\u00f3n bilateral. Desde Ottawa se enfatiz\u00f3 que cualquier posible acuerdo sobre intercambios de bienes, aranceles y cadenas de suministro requiere que Washington tome con seriedad las mesas de trabajo y abandone la ret\u00f3rica de confrontaci\u00f3n.<\/p>\n\n\n\n<p class=\"wp-block-paragraph\">Ante la suspensi\u00f3n del di\u00e1logo, el intercambio econ\u00f3mico entre ambas naciones norteamericanas enfrenta un periodo de incertidumbre que amenaza con impactar a diversos sectores industriales. No obstante, las autoridades canadienses reiteraron que la postura de su pa\u00eds se mantendr\u00e1 firme hasta que la contraparte estadounidense adopte un enfoque constructivo y libre de provocaciones.<\/p>\n","protected":false},"excerpt":{"rendered":"<p>El gobierno de Canad\u00e1 determin\u00f3 congelar la reanudaci\u00f3n de las negociaciones y el di\u00e1logo comercial con Estados Unidos mientras persistan los ataques verbales y las descalificaciones por parte de la administraci\u00f3n del presidente Donald Trump. Las autoridades canadienses se\u00f1alaron que no existen condiciones propicias para mantener conversaciones bilaterales de fondo si no se garantiza un [&hellip;]<\/p>\n","protected":false},"author":1,"featured_media":92128,"comment_status":"open","ping_status":"open","sticky":false,"template":"","format":"standard","meta":{"om_disable_all_campaigns":false,"_monsterinsights_skip_tracking":false,"footnotes":""},"categories":[183],"tags":[],"class_list":["post-92127","post","type-post","status-publish","format-standard","has-post-thumbnail","hentry","category-internacional"],"amp_enabled":true,"_links":{"self":[{"href":"https:\/\/lahora.mx\/index.php\/wp-json\/wp\/v2\/posts\/92127","targetHints":{"allow":["GET"]}}],"collection":[{"href":"https:\/\/lahora.mx\/index.php\/wp-json\/wp\/v2\/posts"}],"about":[{"href":"https:\/\/lahora.mx\/index.php\/wp-json\/wp\/v2\/types\/post"}],"author":[{"embeddable":true,"href":"https:\/\/lahora.mx\/index.php\/wp-json\/wp\/v2\/users\/1"}],"replies":[{"embeddable":true,"href":"https:\/\/lahora.mx\/index.php\/wp-json\/wp\/v2\/comments?post=92127"}],"version-history":[{"count":1,"href":"https:\/\/lahora.mx\/index.php\/wp-json\/wp\/v2\/posts\/92127\/revisions"}],"predecessor-version":[{"id":92129,"href":"https:\/\/lahora.mx\/index.php\/wp-json\/wp\/v2\/posts\/92127\/revisions\/92129"}],"wp:featuredmedia":[{"embeddable":true,"href":"https:\/\/lahora.mx\/index.php\/wp-json\/wp\/v2\/media\/92128"}],"wp:attachment":[{"href":"https:\/\/lahora.mx\/index.php\/wp-json\/wp\/v2\/media?parent=92127"}],"wp:term":[{"taxonomy":"category","embeddable":true,"href":"https:\/\/lahora.mx\/index.php\/wp-json\/wp\/v2\/categories?post=92127"},{"taxonomy":"post_tag","embeddable":true,"href":"https:\/\/lahora.mx\/index.php\/wp-json\/wp\/v2\/tags?post=92127"}],"curies":[{"name":"wp","href":"https:\/\/api.w.org\/{rel}","templated":true}]}}