{"id":92124,"date":"2026-09-02T15:56:57","date_gmt":"2026-09-02T21:56:57","guid":{"rendered":"https:\/\/lahora.mx\/?p=92124"},"modified":"2026-09-02T15:56:58","modified_gmt":"2026-09-02T21:56:58","slug":"ine-afina-detalles-para-el-inicio-formal-del-proceso-electoral-federal-2026-2027","status":"publish","type":"post","link":"https:\/\/lahora.mx\/index.php\/2026\/09\/02\/ine-afina-detalles-para-el-inicio-formal-del-proceso-electoral-federal-2026-2027\/","title":{"rendered":"INE afina detalles para el inicio formal del Proceso Electoral Federal 2026-2027"},"content":{"rendered":"\n<p class=\"wp-block-paragraph\">A solo una semana de que arranque de manera oficial el Proceso Electoral Federal 2026-2027, el Instituto Nacional Electoral (INE) mantiene listos los preparativos para dar inicio a los trabajos preparatorios fijados en el calendario institucional. De acuerdo con los plazos previstos por el \u00f3rgano electoral, la sesi\u00f3n formal de instalaci\u00f3n del Consejo General se llevar\u00e1 a cabo el pr\u00f3ximo 10 de septiembre, marcando el comienzo de la ruta hacia las comicios pactados para junio de 2027.<\/p>\n\n\n\n<p class=\"wp-block-paragraph\">La planificaci\u00f3n elaborada por las autoridades electorales contempla la ejecuci\u00f3n de m\u00e1s de 500 actividades estrat\u00e9gicas. Estas etapas abarcan desde la delimitaci\u00f3n y actualizaci\u00f3n del padr\u00f3n electoral, la acreditaci\u00f3n de observadores nacionales e internacionales, hasta la conformaci\u00f3n de los consejos distritales que dar\u00e1n seguimiento operativo al proceso en todo el pa\u00eds.<\/p>\n\n\n\n<p class=\"wp-block-paragraph\">Con la apertura del a\u00f1o electoral a nivel federal, las autoridades administrativas prev\u00e9n el despliegue gradual de los mecanismos de fiscalizaci\u00f3n y equidad en la contienda. El arranque del calendario fija los criterios t\u00e9cnicos, presupuestales e institucionales sobre los cuales se desarrollar\u00e1 la jornada c\u00edvica para la renovaci\u00f3n de cargos de elecci\u00f3n popular.<\/p>\n","protected":false},"excerpt":{"rendered":"<p>A solo una semana de que arranque de manera oficial el Proceso Electoral Federal 2026-2027, el Instituto Nacional Electoral (INE) mantiene listos los preparativos para dar inicio a los trabajos preparatorios fijados en el calendario institucional. De acuerdo con los plazos previstos por el \u00f3rgano electoral, la sesi\u00f3n formal de instalaci\u00f3n del Consejo General se [&hellip;]<\/p>\n","protected":false},"author":1,"featured_media":92125,"comment_status":"open","ping_status":"open","sticky":false,"template":"","format":"standard","meta":{"om_disable_all_campaigns":false,"_monsterinsights_skip_tracking":false,"footnotes":""},"categories":[5],"tags":[],"class_list":["post-92124","post","type-post","status-publish","format-standard","has-post-thumbnail","hentry","category-politica"],"amp_enabled":true,"_links":{"self":[{"href":"https:\/\/lahora.mx\/index.php\/wp-json\/wp\/v2\/posts\/92124","targetHints":{"allow":["GET"]}}],"collection":[{"href":"https:\/\/lahora.mx\/index.php\/wp-json\/wp\/v2\/posts"}],"about":[{"href":"https:\/\/lahora.mx\/index.php\/wp-json\/wp\/v2\/types\/post"}],"author":[{"embeddable":true,"href":"https:\/\/lahora.mx\/index.php\/wp-json\/wp\/v2\/users\/1"}],"replies":[{"embeddable":true,"href":"https:\/\/lahora.mx\/index.php\/wp-json\/wp\/v2\/comments?post=92124"}],"version-history":[{"count":1,"href":"https:\/\/lahora.mx\/index.php\/wp-json\/wp\/v2\/posts\/92124\/revisions"}],"predecessor-version":[{"id":92126,"href":"https:\/\/lahora.mx\/index.php\/wp-json\/wp\/v2\/posts\/92124\/revisions\/92126"}],"wp:featuredmedia":[{"embeddable":true,"href":"https:\/\/lahora.mx\/index.php\/wp-json\/wp\/v2\/media\/92125"}],"wp:attachment":[{"href":"https:\/\/lahora.mx\/index.php\/wp-json\/wp\/v2\/media?parent=92124"}],"wp:term":[{"taxonomy":"category","embeddable":true,"href":"https:\/\/lahora.mx\/index.php\/wp-json\/wp\/v2\/categories?post=92124"},{"taxonomy":"post_tag","embeddable":true,"href":"https:\/\/lahora.mx\/index.php\/wp-json\/wp\/v2\/tags?post=92124"}],"curies":[{"name":"wp","href":"https:\/\/api.w.org\/{rel}","templated":true}]}}