{"id":92121,"date":"2026-09-02T15:54:31","date_gmt":"2026-09-02T21:54:31","guid":{"rendered":"https:\/\/lahora.mx\/?p=92121"},"modified":"2026-09-02T15:54:32","modified_gmt":"2026-09-02T21:54:32","slug":"claudia-sheinbaum-exige-a-ee-uu-pruebas-y-sustento-legal-en-caso-contra-ruben-rocha-moya","status":"publish","type":"post","link":"https:\/\/lahora.mx\/index.php\/2026\/09\/02\/claudia-sheinbaum-exige-a-ee-uu-pruebas-y-sustento-legal-en-caso-contra-ruben-rocha-moya\/","title":{"rendered":"Claudia Sheinbaum exige a EE. UU. pruebas y sustento legal en caso contra Rub\u00e9n Rocha Moya"},"content":{"rendered":"\n<p class=\"wp-block-paragraph\">La presidenta de M\u00e9xico, Claudia Sheinbaum Pardo, exigi\u00f3 al gobierno de Estados Unidos que presente evidencias y sustento legal formal respecto a las acusaciones vertidas contra el gobernador de Sinaloa, Rub\u00e9n Rocha Moya. Durante su conferencia matutina, la mandataria explic\u00f3 que Washington emiti\u00f3 una solicitud de detenci\u00f3n urgente con fines de extradici\u00f3n contra diversos funcionarios y exfuncionarios sinaloenses, pero evit\u00f3 anexar los elementos probatorios necesarios para respaldar dicho requerimiento.<\/p>\n\n\n\n<p class=\"wp-block-paragraph\">Sheinbaum Pardo enfatiz\u00f3 que el tr\u00e1mite no puede avanzar en territorio nacional mientras la administraci\u00f3n estadounidense no cumpla con los est\u00e1ndares legales m\u00ednimos. Asimismo, apel\u00f3 al principio de reciprocidad internacional, recordando que cuando las instituciones mexicanas solicitan una extradici\u00f3n a Estados Unidos, las autoridades de ese pa\u00eds exigen carpetas con pruebas contundentes para procesar la petici\u00f3n.<\/p>\n\n\n\n<p class=\"wp-block-paragraph\">El pronunciamiento se da en un momento de tensi\u00f3n diplom\u00e1tica por la insistencia de EE. UU. en requerir medidas contra el mandatario sinaloense por presuntos v\u00ednculos con el crimen organizado. La jefa del Ejecutivo federal reiter\u00f3 que la actuaci\u00f3n del Gobierno de M\u00e9xico se apegar\u00e1 estrictamente al respeto a la soberan\u00eda, la legalidad y la revisi\u00f3n de elementos objetivos presentados por las v\u00edas institucionales.<\/p>\n","protected":false},"excerpt":{"rendered":"<p>La presidenta de M\u00e9xico, Claudia Sheinbaum Pardo, exigi\u00f3 al gobierno de Estados Unidos que presente evidencias y sustento legal formal respecto a las acusaciones vertidas contra el gobernador de Sinaloa, Rub\u00e9n Rocha Moya. Durante su conferencia matutina, la mandataria explic\u00f3 que Washington emiti\u00f3 una solicitud de detenci\u00f3n urgente con fines de extradici\u00f3n contra diversos funcionarios [&hellip;]<\/p>\n","protected":false},"author":1,"featured_media":92122,"comment_status":"open","ping_status":"open","sticky":false,"template":"","format":"standard","meta":{"om_disable_all_campaigns":false,"_monsterinsights_skip_tracking":false,"footnotes":""},"categories":[176],"tags":[223],"class_list":["post-92121","post","type-post","status-publish","format-standard","has-post-thumbnail","hentry","category-nacional","tag-puebla"],"amp_enabled":true,"_links":{"self":[{"href":"https:\/\/lahora.mx\/index.php\/wp-json\/wp\/v2\/posts\/92121","targetHints":{"allow":["GET"]}}],"collection":[{"href":"https:\/\/lahora.mx\/index.php\/wp-json\/wp\/v2\/posts"}],"about":[{"href":"https:\/\/lahora.mx\/index.php\/wp-json\/wp\/v2\/types\/post"}],"author":[{"embeddable":true,"href":"https:\/\/lahora.mx\/index.php\/wp-json\/wp\/v2\/users\/1"}],"replies":[{"embeddable":true,"href":"https:\/\/lahora.mx\/index.php\/wp-json\/wp\/v2\/comments?post=92121"}],"version-history":[{"count":1,"href":"https:\/\/lahora.mx\/index.php\/wp-json\/wp\/v2\/posts\/92121\/revisions"}],"predecessor-version":[{"id":92123,"href":"https:\/\/lahora.mx\/index.php\/wp-json\/wp\/v2\/posts\/92121\/revisions\/92123"}],"wp:featuredmedia":[{"embeddable":true,"href":"https:\/\/lahora.mx\/index.php\/wp-json\/wp\/v2\/media\/92122"}],"wp:attachment":[{"href":"https:\/\/lahora.mx\/index.php\/wp-json\/wp\/v2\/media?parent=92121"}],"wp:term":[{"taxonomy":"category","embeddable":true,"href":"https:\/\/lahora.mx\/index.php\/wp-json\/wp\/v2\/categories?post=92121"},{"taxonomy":"post_tag","embeddable":true,"href":"https:\/\/lahora.mx\/index.php\/wp-json\/wp\/v2\/tags?post=92121"}],"curies":[{"name":"wp","href":"https:\/\/api.w.org\/{rel}","templated":true}]}}