{"id":92118,"date":"2026-09-02T15:49:25","date_gmt":"2026-09-02T21:49:25","guid":{"rendered":"https:\/\/lahora.mx\/?p=92118"},"modified":"2026-09-02T15:49:26","modified_gmt":"2026-09-02T21:49:26","slug":"identifican-a-las-dos-mujeres-halladas-sin-vida-en-una-barranca-de-tenampulco","status":"publish","type":"post","link":"https:\/\/lahora.mx\/index.php\/2026\/09\/02\/identifican-a-las-dos-mujeres-halladas-sin-vida-en-una-barranca-de-tenampulco\/","title":{"rendered":"Identifican a las dos mujeres halladas sin vida en una barranca de Tenampulco"},"content":{"rendered":"\n<p class=\"wp-block-paragraph\">Las dos mujeres que fueron localizadas sin vida en el fondo de una barranca en el municipio de Tenampulco fueron identificadas formalmente como Claudia Ibeth Mart\u00ednez P\u00e9rez, de 46 a\u00f1os, y Margarita Hern\u00e1ndez Paulino, de 36. Ambas eran residentes de la zona y ampliamente conocidas entre la comunidad. De acuerdo con las primeras investigaciones, las v\u00edctimas habr\u00edan sido privadas de su libertad horas antes de que se registrara el hallazgo de sus cuerpos, los cuales presentaban marcas de violencia y se encontraban amarrados.<\/p>\n\n\n\n<p class=\"wp-block-paragraph\">Tras la identificaci\u00f3n de los restos, familiares y vecinos de la demarcaci\u00f3n realizaron las ceremonias luctuosas correspondientes durante la madrugada de este mi\u00e9rcoles. El caso encendi\u00f3 las alarmas en la franja lim\u00edtrofe entre Puebla y Veracruz, donde se ha reportado un incremento de hechos delictivos derivado de la presencia de c\u00e9lulas dedicas al narcomenudeo.<\/p>\n\n\n\n<p class=\"wp-block-paragraph\">En respuesta a la situaci\u00f3n, el secretario de Seguridad P\u00fablica del Estado, Francisco S\u00e1nchez Gonz\u00e1lez, confirm\u00f3 que se desplegar\u00e1 un reforzamiento operativo en la zona para vigilar los accesos interestatales. En tanto, la Fiscal\u00eda General del Estado (FGE) abri\u00f3 la carpeta de investigaci\u00f3n bajo los protocolos de feminicidio para ubicar a los responsables del doble crimen.<\/p>\n","protected":false},"excerpt":{"rendered":"<p>Las dos mujeres que fueron localizadas sin vida en el fondo de una barranca en el municipio de Tenampulco fueron identificadas formalmente como Claudia Ibeth Mart\u00ednez P\u00e9rez, de 46 a\u00f1os, y Margarita Hern\u00e1ndez Paulino, de 36. Ambas eran residentes de la zona y ampliamente conocidas entre la comunidad. De acuerdo con las primeras investigaciones, las [&hellip;]<\/p>\n","protected":false},"author":1,"featured_media":92119,"comment_status":"open","ping_status":"open","sticky":false,"template":"","format":"standard","meta":{"om_disable_all_campaigns":false,"_monsterinsights_skip_tracking":false,"footnotes":""},"categories":[226],"tags":[],"class_list":["post-92118","post","type-post","status-publish","format-standard","has-post-thumbnail","hentry","category-policia"],"amp_enabled":true,"_links":{"self":[{"href":"https:\/\/lahora.mx\/index.php\/wp-json\/wp\/v2\/posts\/92118","targetHints":{"allow":["GET"]}}],"collection":[{"href":"https:\/\/lahora.mx\/index.php\/wp-json\/wp\/v2\/posts"}],"about":[{"href":"https:\/\/lahora.mx\/index.php\/wp-json\/wp\/v2\/types\/post"}],"author":[{"embeddable":true,"href":"https:\/\/lahora.mx\/index.php\/wp-json\/wp\/v2\/users\/1"}],"replies":[{"embeddable":true,"href":"https:\/\/lahora.mx\/index.php\/wp-json\/wp\/v2\/comments?post=92118"}],"version-history":[{"count":1,"href":"https:\/\/lahora.mx\/index.php\/wp-json\/wp\/v2\/posts\/92118\/revisions"}],"predecessor-version":[{"id":92120,"href":"https:\/\/lahora.mx\/index.php\/wp-json\/wp\/v2\/posts\/92118\/revisions\/92120"}],"wp:featuredmedia":[{"embeddable":true,"href":"https:\/\/lahora.mx\/index.php\/wp-json\/wp\/v2\/media\/92119"}],"wp:attachment":[{"href":"https:\/\/lahora.mx\/index.php\/wp-json\/wp\/v2\/media?parent=92118"}],"wp:term":[{"taxonomy":"category","embeddable":true,"href":"https:\/\/lahora.mx\/index.php\/wp-json\/wp\/v2\/categories?post=92118"},{"taxonomy":"post_tag","embeddable":true,"href":"https:\/\/lahora.mx\/index.php\/wp-json\/wp\/v2\/tags?post=92118"}],"curies":[{"name":"wp","href":"https:\/\/api.w.org\/{rel}","templated":true}]}}