{"id":92115,"date":"2026-09-02T14:55:09","date_gmt":"2026-09-02T20:55:09","guid":{"rendered":"https:\/\/lahora.mx\/?p=92115"},"modified":"2026-09-02T14:55:10","modified_gmt":"2026-09-02T20:55:10","slug":"volkswagen-de-mexico-incrementa-7-35-sus-ventas-en-agosto-a-pesar-de-coyuntura-global","status":"publish","type":"post","link":"https:\/\/lahora.mx\/index.php\/2026\/09\/02\/volkswagen-de-mexico-incrementa-7-35-sus-ventas-en-agosto-a-pesar-de-coyuntura-global\/","title":{"rendered":"Volkswagen de M\u00e9xico incrementa 7.35% sus ventas en agosto a pesar de coyuntura global"},"content":{"rendered":"\n<p class=\"wp-block-paragraph\">Durante el mes de agosto, Volkswagen de M\u00e9xico registr\u00f3 un incremento del 7.35 por ciento en la comercializaci\u00f3n de veh\u00edculos ligeros dentro del mercado nacional, seg\u00fan report\u00f3 el Instituto Nacional de Estad\u00edstica y Geograf\u00eda (INEGI). De acuerdo con las cifras del Registro de la Industria Automotriz, la firma germana coloc\u00f3 11 mil 789 unidades en el pa\u00eds, lo que representa una diferencia positiva de 808 automotores en comparaci\u00f3n con los 10 mil 981 comercializados en el mismo periodo del a\u00f1o previo.<\/p>\n\n\n\n<p class=\"wp-block-paragraph\">A pesar del entorno de reestructuraci\u00f3n global que atraviesa la corporaci\u00f3n, los vol\u00famenes de venta logrados en territorio mexicano mantienen a la marca en la tercera posici\u00f3n del mercado automotriz del pa\u00eds, situ\u00e1ndose \u00fanicamente por debajo de las ensambladoras Nissan y General Motors. No obstante, las estad\u00edsticas reflejan que cerca del 43 por ciento de las unidades vendidas por la firma en M\u00e9xico corresponden a modelos ensamblados localmente, como los modelos Tiguan y Taos producidos en la planta de Cuautlancingo, Puebla.<\/p>\n\n\n\n<p class=\"wp-block-paragraph\">Por otro lado, la divisi\u00f3n de veh\u00edculos de alta gama del grupo, Audi, report\u00f3 una ligera contracci\u00f3n del 1.6 por ciento en sus ventas nacionales durante el mismo mes, al concretar la entrega de 740 unidades frente a las 752 contabilizadas en agosto del a\u00f1o anterior. En este segmento, aproximadamente una cuarta parte de los veh\u00edculos comercializados en el mercado interno proviene de la planta de ensamble ubicada en San Jos\u00e9 Chiapa, Puebla, mientras que el resto corresponde a modelos importados de otros complejos internacionales.<\/p>\n","protected":false},"excerpt":{"rendered":"<p>Durante el mes de agosto, Volkswagen de M\u00e9xico registr\u00f3 un incremento del 7.35 por ciento en la comercializaci\u00f3n de veh\u00edculos ligeros dentro del mercado nacional, seg\u00fan report\u00f3 el Instituto Nacional de Estad\u00edstica y Geograf\u00eda (INEGI). De acuerdo con las cifras del Registro de la Industria Automotriz, la firma germana coloc\u00f3 11 mil 789 unidades en [&hellip;]<\/p>\n","protected":false},"author":1,"featured_media":92116,"comment_status":"open","ping_status":"open","sticky":false,"template":"","format":"standard","meta":{"om_disable_all_campaigns":false,"_monsterinsights_skip_tracking":false,"footnotes":""},"categories":[2],"tags":[],"class_list":["post-92115","post","type-post","status-publish","format-standard","has-post-thumbnail","hentry","category-negocios"],"amp_enabled":true,"_links":{"self":[{"href":"https:\/\/lahora.mx\/index.php\/wp-json\/wp\/v2\/posts\/92115","targetHints":{"allow":["GET"]}}],"collection":[{"href":"https:\/\/lahora.mx\/index.php\/wp-json\/wp\/v2\/posts"}],"about":[{"href":"https:\/\/lahora.mx\/index.php\/wp-json\/wp\/v2\/types\/post"}],"author":[{"embeddable":true,"href":"https:\/\/lahora.mx\/index.php\/wp-json\/wp\/v2\/users\/1"}],"replies":[{"embeddable":true,"href":"https:\/\/lahora.mx\/index.php\/wp-json\/wp\/v2\/comments?post=92115"}],"version-history":[{"count":1,"href":"https:\/\/lahora.mx\/index.php\/wp-json\/wp\/v2\/posts\/92115\/revisions"}],"predecessor-version":[{"id":92117,"href":"https:\/\/lahora.mx\/index.php\/wp-json\/wp\/v2\/posts\/92115\/revisions\/92117"}],"wp:featuredmedia":[{"embeddable":true,"href":"https:\/\/lahora.mx\/index.php\/wp-json\/wp\/v2\/media\/92116"}],"wp:attachment":[{"href":"https:\/\/lahora.mx\/index.php\/wp-json\/wp\/v2\/media?parent=92115"}],"wp:term":[{"taxonomy":"category","embeddable":true,"href":"https:\/\/lahora.mx\/index.php\/wp-json\/wp\/v2\/categories?post=92115"},{"taxonomy":"post_tag","embeddable":true,"href":"https:\/\/lahora.mx\/index.php\/wp-json\/wp\/v2\/tags?post=92115"}],"curies":[{"name":"wp","href":"https:\/\/api.w.org\/{rel}","templated":true}]}}