{"id":92112,"date":"2026-09-02T14:29:19","date_gmt":"2026-09-02T20:29:19","guid":{"rendered":"https:\/\/lahora.mx\/?p=92112"},"modified":"2026-09-02T14:29:20","modified_gmt":"2026-09-02T20:29:20","slug":"fge-desmantela-punto-de-distribucion-de-droga-y-detiene-a-un-implicado-en-izucar-de-matamoros","status":"publish","type":"post","link":"https:\/\/lahora.mx\/index.php\/2026\/09\/02\/fge-desmantela-punto-de-distribucion-de-droga-y-detiene-a-un-implicado-en-izucar-de-matamoros\/","title":{"rendered":"FGE desmantela punto de distribuci\u00f3n de droga y detiene a un implicado en Iz\u00facar de Matamoros"},"content":{"rendered":"\n<p class=\"wp-block-paragraph\">En el marco de un operativo interinstitucional desplegado en el municipio de Iz\u00facar de Matamoros, la Fiscal\u00eda General del Estado de Puebla (FGE) logr\u00f3 la intervenci\u00f3n de un inmueble utilizado para la compraventa de narc\u00f3ticos al menudeo, obteniendo como resultado la detenci\u00f3n de un hombre y el aseguramiento de diversas dosis de sustancias il\u00edcitas. La acci\u00f3n policial se ejecut\u00f3 tras la integraci\u00f3n de una investigaci\u00f3n derivada de denuncias ciudadanas an\u00f3nimas.<\/p>\n\n\n\n<p class=\"wp-block-paragraph\">La diligencia fue realizada por agentes de la Fiscal\u00eda Especializada en Investigaci\u00f3n de Delitos de Alta Incidencia (FEIDAI), apoyados por efectivos de la Secretar\u00eda de la Defensa Nacional (Defensa), la Guardia Nacional y la Polic\u00eda Estatal. Las fuerzas de seguridad ingresaron a una vivienda ubicada en la colonia Chichicastitla, dentro del barrio de Santiago Mihuac\u00e1n, donde cumplimentaron el ordenamiento judicial de cateo expedido por un juez de control.<\/p>\n\n\n\n<p class=\"wp-block-paragraph\">Durante la inspecci\u00f3n del sitio, los elementos aseguraron 60 envoltorios con sustancia granulada de caracter\u00edsticas similares al cristal, 17 empaques con hierba verde con las propiedades de la marihuana, as\u00ed como una b\u00e1scula gramera y dinero en efectivo. En el lugar se concret\u00f3 la detenci\u00f3n de \u00d3scar Marvin \u00abN\u00bb, se\u00f1alado como probable responsable del resguardo y comercializaci\u00f3n de los enervantes, quedando el predio sellado mientras el Ministerio P\u00fablico define su situaci\u00f3n jur\u00eddica.<\/p>\n","protected":false},"excerpt":{"rendered":"<p>En el marco de un operativo interinstitucional desplegado en el municipio de Iz\u00facar de Matamoros, la Fiscal\u00eda General del Estado de Puebla (FGE) logr\u00f3 la intervenci\u00f3n de un inmueble utilizado para la compraventa de narc\u00f3ticos al menudeo, obteniendo como resultado la detenci\u00f3n de un hombre y el aseguramiento de diversas dosis de sustancias il\u00edcitas. La [&hellip;]<\/p>\n","protected":false},"author":1,"featured_media":92113,"comment_status":"open","ping_status":"open","sticky":false,"template":"","format":"standard","meta":{"om_disable_all_campaigns":false,"_monsterinsights_skip_tracking":false,"footnotes":""},"categories":[226],"tags":[],"class_list":["post-92112","post","type-post","status-publish","format-standard","has-post-thumbnail","hentry","category-policia"],"amp_enabled":true,"_links":{"self":[{"href":"https:\/\/lahora.mx\/index.php\/wp-json\/wp\/v2\/posts\/92112","targetHints":{"allow":["GET"]}}],"collection":[{"href":"https:\/\/lahora.mx\/index.php\/wp-json\/wp\/v2\/posts"}],"about":[{"href":"https:\/\/lahora.mx\/index.php\/wp-json\/wp\/v2\/types\/post"}],"author":[{"embeddable":true,"href":"https:\/\/lahora.mx\/index.php\/wp-json\/wp\/v2\/users\/1"}],"replies":[{"embeddable":true,"href":"https:\/\/lahora.mx\/index.php\/wp-json\/wp\/v2\/comments?post=92112"}],"version-history":[{"count":1,"href":"https:\/\/lahora.mx\/index.php\/wp-json\/wp\/v2\/posts\/92112\/revisions"}],"predecessor-version":[{"id":92114,"href":"https:\/\/lahora.mx\/index.php\/wp-json\/wp\/v2\/posts\/92112\/revisions\/92114"}],"wp:featuredmedia":[{"embeddable":true,"href":"https:\/\/lahora.mx\/index.php\/wp-json\/wp\/v2\/media\/92113"}],"wp:attachment":[{"href":"https:\/\/lahora.mx\/index.php\/wp-json\/wp\/v2\/media?parent=92112"}],"wp:term":[{"taxonomy":"category","embeddable":true,"href":"https:\/\/lahora.mx\/index.php\/wp-json\/wp\/v2\/categories?post=92112"},{"taxonomy":"post_tag","embeddable":true,"href":"https:\/\/lahora.mx\/index.php\/wp-json\/wp\/v2\/tags?post=92112"}],"curies":[{"name":"wp","href":"https:\/\/api.w.org\/{rel}","templated":true}]}}