{"id":92109,"date":"2026-09-02T14:25:04","date_gmt":"2026-09-02T20:25:04","guid":{"rendered":"https:\/\/lahora.mx\/?p=92109"},"modified":"2026-09-02T14:25:05","modified_gmt":"2026-09-02T20:25:05","slug":"morena-puebla-respalda-segundo-informe-de-sheinbaum-pablo-salazar-aclara-origen-de-vehiculos","status":"publish","type":"post","link":"https:\/\/lahora.mx\/index.php\/2026\/09\/02\/morena-puebla-respalda-segundo-informe-de-sheinbaum-pablo-salazar-aclara-origen-de-vehiculos\/","title":{"rendered":"Morena Puebla respalda Segundo Informe de Sheinbaum; Pablo Salazar aclara origen de veh\u00edculos"},"content":{"rendered":"\n<p class=\"wp-block-paragraph\">El Comit\u00e9 Ejecutivo Estatal de Morena en Puebla expres\u00f3 su posicionamiento oficial de respaldo hacia el Segundo Informe de Gobierno de la presidenta de M\u00e9xico, Claudia Sheinbaum Pardo. La dirigencia del partido en la entidad destac\u00f3 que los resultados expuestos reflejan el avance de los programas sociales, las obras de infraestructura y las pol\u00edticas p\u00fablicas prioritarias impulsadas por la administraci\u00f3n federal en beneficio de la ciudadan\u00eda.<\/p>\n\n\n\n<p class=\"wp-block-paragraph\">En el marco de este pronunciamiento, el coordinador general de Delegaciones de Morena en Puebla, Pablo Salazar, fij\u00f3 su postura frente a los se\u00f1alamientos difundidos en redes sociales sobre la presunta posesi\u00f3n de veh\u00edculos de gama alta. El funcionario rechaz\u00f3 tajantemente ser propietario de las camionetas referidas en diversas publicaciones y desminti\u00f3 que se trate de unidades de lujo o que pertenezcan a su patrimonio personal.<\/p>\n\n\n\n<p class=\"wp-block-paragraph\">Aunado a ello, Salazar puntualiz\u00f3 que mantiene en orden y al d\u00eda cada una de sus obligaciones fiscales ante el Servicio de Administraci\u00f3n Tributaria (SAT). El coordinador reiter\u00f3 su compromiso con los principios de transparencia de la fuerza pol\u00edtica y exhort\u00f3 a la opini\u00f3n p\u00fablica a desestimar versiones sin fundamento que buscan desacreditar la labor territorial que realiza el equipo de delegados en la entidad.<\/p>\n","protected":false},"excerpt":{"rendered":"<p>El Comit\u00e9 Ejecutivo Estatal de Morena en Puebla expres\u00f3 su posicionamiento oficial de respaldo hacia el Segundo Informe de Gobierno de la presidenta de M\u00e9xico, Claudia Sheinbaum Pardo. La dirigencia del partido en la entidad destac\u00f3 que los resultados expuestos reflejan el avance de los programas sociales, las obras de infraestructura y las pol\u00edticas p\u00fablicas [&hellip;]<\/p>\n","protected":false},"author":1,"featured_media":92110,"comment_status":"open","ping_status":"open","sticky":false,"template":"","format":"standard","meta":{"om_disable_all_campaigns":false,"_monsterinsights_skip_tracking":false,"footnotes":""},"categories":[5],"tags":[195],"class_list":["post-92109","post","type-post","status-publish","format-standard","has-post-thumbnail","hentry","category-politica","tag-principal"],"amp_enabled":true,"_links":{"self":[{"href":"https:\/\/lahora.mx\/index.php\/wp-json\/wp\/v2\/posts\/92109","targetHints":{"allow":["GET"]}}],"collection":[{"href":"https:\/\/lahora.mx\/index.php\/wp-json\/wp\/v2\/posts"}],"about":[{"href":"https:\/\/lahora.mx\/index.php\/wp-json\/wp\/v2\/types\/post"}],"author":[{"embeddable":true,"href":"https:\/\/lahora.mx\/index.php\/wp-json\/wp\/v2\/users\/1"}],"replies":[{"embeddable":true,"href":"https:\/\/lahora.mx\/index.php\/wp-json\/wp\/v2\/comments?post=92109"}],"version-history":[{"count":1,"href":"https:\/\/lahora.mx\/index.php\/wp-json\/wp\/v2\/posts\/92109\/revisions"}],"predecessor-version":[{"id":92111,"href":"https:\/\/lahora.mx\/index.php\/wp-json\/wp\/v2\/posts\/92109\/revisions\/92111"}],"wp:featuredmedia":[{"embeddable":true,"href":"https:\/\/lahora.mx\/index.php\/wp-json\/wp\/v2\/media\/92110"}],"wp:attachment":[{"href":"https:\/\/lahora.mx\/index.php\/wp-json\/wp\/v2\/media?parent=92109"}],"wp:term":[{"taxonomy":"category","embeddable":true,"href":"https:\/\/lahora.mx\/index.php\/wp-json\/wp\/v2\/categories?post=92109"},{"taxonomy":"post_tag","embeddable":true,"href":"https:\/\/lahora.mx\/index.php\/wp-json\/wp\/v2\/tags?post=92109"}],"curies":[{"name":"wp","href":"https:\/\/api.w.org\/{rel}","templated":true}]}}