{"id":92106,"date":"2026-09-02T14:22:46","date_gmt":"2026-09-02T20:22:46","guid":{"rendered":"https:\/\/lahora.mx\/?p=92106"},"modified":"2026-09-02T14:22:47","modified_gmt":"2026-09-02T20:22:47","slug":"gobierno-estatal-y-ayuntamiento-unificaran-festejos-del-15-de-septiembre-en-el-zocalo-de-puebla","status":"publish","type":"post","link":"https:\/\/lahora.mx\/index.php\/2026\/09\/02\/gobierno-estatal-y-ayuntamiento-unificaran-festejos-del-15-de-septiembre-en-el-zocalo-de-puebla\/","title":{"rendered":"Gobierno estatal y Ayuntamiento unificar\u00e1n festejos del 15 de septiembre en el Z\u00f3calo de Puebla"},"content":{"rendered":"\n<p class=\"wp-block-paragraph\">Para la celebraci\u00f3n del Grito de Independencia este 2026, las autoridades del Gobierno del Estado de Puebla y el Ayuntamiento capitalino determinaron unificar el acto protocolario y el espect\u00e1culo art\u00edstico en un solo punto: la plancha del Z\u00f3calo de Puebla. A diferencia del esquema implementado en 2025, donde la parte musical se traslad\u00f3 al Paseo Bravo, en esta ocasi\u00f3n el escenario principal se instalar\u00e1 directamente frente al Palacio Municipal, encabezado por el gobernador Alejandro Armenta y el alcalde Pepe Chedraui.<\/p>\n\n\n\n<p class=\"wp-block-paragraph\">Ante la previsi\u00f3n de un aforo masivo que rebase la capacidad del Z\u00f3calo, la log\u00edstica oficial contempla la instalaci\u00f3n de pantallas de alta definici\u00f3n e infraestructura de audio sobre vialidades aleda\u00f1as como la Calle 3 Oriente, Juan de Palafox y Mendoza, el Andador de Reforma y la Calle 16 de Septiembre. De esta forma, las familias que no logren acceder al primer cuadro podr\u00e1n seguir las transmisiones en vivo del ceremonial y los n\u00fameros musicales desde puntos estrat\u00e9gicos.<\/p>\n\n\n\n<p class=\"wp-block-paragraph\">En el \u00e1mbito art\u00edstico, la administraci\u00f3n estatal aclar\u00f3 que la participaci\u00f3n de la cantante Gloria Trevi a\u00fan no se encuentra confirmada ni bajo contrato definitivo, al formar parte de una cartera de propuestas presentadas por empresas de espect\u00e1culos que siguen en evaluaci\u00f3n. Por su parte, el operativo de protecci\u00f3n y seguridad ser\u00e1 desplegado de manera conjunta entre la Secretar\u00eda de Seguridad P\u00fablica estatal, la Secretar\u00eda de la Defensa Nacional, Guardia Nacional y las \u00e1reas de Protecci\u00f3n Civil tanto estatal como municipal para salvaguardar a los asistentes.<\/p>\n","protected":false},"excerpt":{"rendered":"<p>Para la celebraci\u00f3n del Grito de Independencia este 2026, las autoridades del Gobierno del Estado de Puebla y el Ayuntamiento capitalino determinaron unificar el acto protocolario y el espect\u00e1culo art\u00edstico en un solo punto: la plancha del Z\u00f3calo de Puebla. A diferencia del esquema implementado en 2025, donde la parte musical se traslad\u00f3 al Paseo [&hellip;]<\/p>\n","protected":false},"author":1,"featured_media":92107,"comment_status":"open","ping_status":"open","sticky":false,"template":"","format":"standard","meta":{"om_disable_all_campaigns":false,"_monsterinsights_skip_tracking":false,"footnotes":""},"categories":[175],"tags":[223],"class_list":["post-92106","post","type-post","status-publish","format-standard","has-post-thumbnail","hentry","category-local","tag-puebla"],"amp_enabled":true,"_links":{"self":[{"href":"https:\/\/lahora.mx\/index.php\/wp-json\/wp\/v2\/posts\/92106","targetHints":{"allow":["GET"]}}],"collection":[{"href":"https:\/\/lahora.mx\/index.php\/wp-json\/wp\/v2\/posts"}],"about":[{"href":"https:\/\/lahora.mx\/index.php\/wp-json\/wp\/v2\/types\/post"}],"author":[{"embeddable":true,"href":"https:\/\/lahora.mx\/index.php\/wp-json\/wp\/v2\/users\/1"}],"replies":[{"embeddable":true,"href":"https:\/\/lahora.mx\/index.php\/wp-json\/wp\/v2\/comments?post=92106"}],"version-history":[{"count":1,"href":"https:\/\/lahora.mx\/index.php\/wp-json\/wp\/v2\/posts\/92106\/revisions"}],"predecessor-version":[{"id":92108,"href":"https:\/\/lahora.mx\/index.php\/wp-json\/wp\/v2\/posts\/92106\/revisions\/92108"}],"wp:featuredmedia":[{"embeddable":true,"href":"https:\/\/lahora.mx\/index.php\/wp-json\/wp\/v2\/media\/92107"}],"wp:attachment":[{"href":"https:\/\/lahora.mx\/index.php\/wp-json\/wp\/v2\/media?parent=92106"}],"wp:term":[{"taxonomy":"category","embeddable":true,"href":"https:\/\/lahora.mx\/index.php\/wp-json\/wp\/v2\/categories?post=92106"},{"taxonomy":"post_tag","embeddable":true,"href":"https:\/\/lahora.mx\/index.php\/wp-json\/wp\/v2\/tags?post=92106"}],"curies":[{"name":"wp","href":"https:\/\/api.w.org\/{rel}","templated":true}]}}