{"id":92103,"date":"2026-09-02T14:21:53","date_gmt":"2026-09-02T20:21:53","guid":{"rendered":"https:\/\/lahora.mx\/?p=92103"},"modified":"2026-09-02T14:21:54","modified_gmt":"2026-09-02T20:21:54","slug":"retiran-arcos-iluminados-en-la-avenida-reforma-tras-impacto-de-automovilista-alcoholizado","status":"publish","type":"post","link":"https:\/\/lahora.mx\/index.php\/2026\/09\/02\/retiran-arcos-iluminados-en-la-avenida-reforma-tras-impacto-de-automovilista-alcoholizado\/","title":{"rendered":"Retiran arcos iluminados en la Avenida Reforma tras impacto de automovilista alcoholizado"},"content":{"rendered":"\n<p class=\"wp-block-paragraph\">Uno de los arcos iluminados instalados sobre la Avenida Reforma, en el tramo comprendido entre las calles 11 y 9 Sur en la capital poblana, tuvo que ser retirado de emergencia luego de registrar severos da\u00f1os en su estructura. La afectaci\u00f3n ocurri\u00f3 tras ser embestido por un veh\u00edculo cuyo conductor transitaba en presunto estado de ebriedad, generando adem\u00e1s afectaciones materiales en la fachada de un local comercial adyacente.<\/p>\n\n\n\n<p class=\"wp-block-paragraph\">El incidente moviliz\u00f3 a personal t\u00e9cnico y cuerpos de auxilio para realizar las labores de desmontaje y retirar la estructura da\u00f1ada del paso vehicular y peatonal. Las cuadrillas trabajaron en el punto para evitar riesgos a los transe\u00fantes y garantizar la fluidez de la circulaci\u00f3n en este importante corredor vial del primer cuadro de la ciudad.<\/p>\n\n\n\n<p class=\"wp-block-paragraph\">Este adorno formaba parte de los elementos de iluminaci\u00f3n colocados en el marco de las festividades patribas. Las autoridades competentes tomaron conocimiento de los hechos para determinar la responsabilidad legal del automovilista involucrado y coordinar la reparaci\u00f3n de los da\u00f1os causados tanto a la infraestructura p\u00fablica como a la propiedad privada afectada.<\/p>\n","protected":false},"excerpt":{"rendered":"<p>Uno de los arcos iluminados instalados sobre la Avenida Reforma, en el tramo comprendido entre las calles 11 y 9 Sur en la capital poblana, tuvo que ser retirado de emergencia luego de registrar severos da\u00f1os en su estructura. La afectaci\u00f3n ocurri\u00f3 tras ser embestido por un veh\u00edculo cuyo conductor transitaba en presunto estado de [&hellip;]<\/p>\n","protected":false},"author":1,"featured_media":92104,"comment_status":"open","ping_status":"open","sticky":false,"template":"","format":"standard","meta":{"om_disable_all_campaigns":false,"_monsterinsights_skip_tracking":false,"footnotes":""},"categories":[175],"tags":[223],"class_list":["post-92103","post","type-post","status-publish","format-standard","has-post-thumbnail","hentry","category-local","tag-puebla"],"amp_enabled":true,"_links":{"self":[{"href":"https:\/\/lahora.mx\/index.php\/wp-json\/wp\/v2\/posts\/92103","targetHints":{"allow":["GET"]}}],"collection":[{"href":"https:\/\/lahora.mx\/index.php\/wp-json\/wp\/v2\/posts"}],"about":[{"href":"https:\/\/lahora.mx\/index.php\/wp-json\/wp\/v2\/types\/post"}],"author":[{"embeddable":true,"href":"https:\/\/lahora.mx\/index.php\/wp-json\/wp\/v2\/users\/1"}],"replies":[{"embeddable":true,"href":"https:\/\/lahora.mx\/index.php\/wp-json\/wp\/v2\/comments?post=92103"}],"version-history":[{"count":1,"href":"https:\/\/lahora.mx\/index.php\/wp-json\/wp\/v2\/posts\/92103\/revisions"}],"predecessor-version":[{"id":92105,"href":"https:\/\/lahora.mx\/index.php\/wp-json\/wp\/v2\/posts\/92103\/revisions\/92105"}],"wp:featuredmedia":[{"embeddable":true,"href":"https:\/\/lahora.mx\/index.php\/wp-json\/wp\/v2\/media\/92104"}],"wp:attachment":[{"href":"https:\/\/lahora.mx\/index.php\/wp-json\/wp\/v2\/media?parent=92103"}],"wp:term":[{"taxonomy":"category","embeddable":true,"href":"https:\/\/lahora.mx\/index.php\/wp-json\/wp\/v2\/categories?post=92103"},{"taxonomy":"post_tag","embeddable":true,"href":"https:\/\/lahora.mx\/index.php\/wp-json\/wp\/v2\/tags?post=92103"}],"curies":[{"name":"wp","href":"https:\/\/api.w.org\/{rel}","templated":true}]}}