{"id":92095,"date":"2026-09-02T13:00:25","date_gmt":"2026-09-02T19:00:25","guid":{"rendered":"https:\/\/lahora.mx\/?p=92095"},"modified":"2026-09-02T13:00:26","modified_gmt":"2026-09-02T19:00:26","slug":"popocatepetl-registra-10-exhalaciones-el-semaforo-volcanico-se-mantiene-en-amarillo-fase-2","status":"publish","type":"post","link":"https:\/\/lahora.mx\/index.php\/2026\/09\/02\/popocatepetl-registra-10-exhalaciones-el-semaforo-volcanico-se-mantiene-en-amarillo-fase-2\/","title":{"rendered":"Popocat\u00e9petl registra 10 exhalaciones; el sem\u00e1foro volc\u00e1nico se mantiene en Amarillo Fase 2"},"content":{"rendered":"\n<p class=\"wp-block-paragraph\"><strong>PUEBLA, Pue.<\/strong> \u2014 Durante las \u00faltimas 24 horas, el volc\u00e1n Popocat\u00e9petl registr\u00f3 un total de 10 exhalaciones acompa\u00f1adas de vapor de agua, gases volc\u00e1nicos y ligeras cantidades de ceniza. A pesar de las emisiones reportadas en el m\u00e1s reciente informe del Centro Nacional de Prevenci\u00f3n de Desastres (Cenapred), las autoridades confirmaron que el Sem\u00e1foro de Alerta Volc\u00e1nica se mantiene sin cambios en Amarillo Fase 2.<\/p>\n\n\n\n<p class=\"wp-block-paragraph\">El monitoreo permanente coordinado por el Cenapred y la Coordinaci\u00f3n General de Protecci\u00f3n Civil del Estado de Puebla dio cuenta de una actividad constante pero en niveles contemplados dentro de los par\u00e1metros de esta fase. Los sistemas de vigilancia identificaron que las fumarolas emitidas por el coloso se han dispersado principalmente hacia el oeste y suroeste del cono volc\u00e1nico, sin que hasta el momento representen un riesgo mayor para las comunidades aleda\u00f1as.<\/p>\n\n\n\n<p class=\"wp-block-paragraph\">Ante este panorama, la Coordinaci\u00f3n General de Protecci\u00f3n Civil reiter\u00f3 el llamado a la ciudadan\u00eda a no acercarse a la zona y respetar de forma estricta el radio de exclusi\u00f3n de 12 kil\u00f3metros a partir del cr\u00e1ter. Las autoridades advirtieron sobre el peligro que conlleva la ca\u00edda de fragmentos incandescentes y la posibilidad de flujos de lodo o lahares por las ca\u00f1adas del volc\u00e1n durante la temporada de lluvias.<\/p>\n\n\n\n<p class=\"wp-block-paragraph\">Finalmente, los organismos de Protecci\u00f3n Civil emitieron recomendaciones preventivas a la poblaci\u00f3n en caso de registrarse ca\u00edda de ceniza en municipios cercanos. Entre los lineamientos destacan cubrir nariz y boca con cubrebocas o pa\u00f1uelo h\u00famedo, proteger dep\u00f3sitos de agua, evitar el uso de lentes de contacto y limpiar las calles mediante barrido en seco para no tapar el drenaje sanitario.<\/p>\n\n\n\n<p class=\"wp-block-paragraph\">Para entender mejor c\u00f3mo operan los protocolos institucionales de prevenci\u00f3n y el monitoreo continuo en la zona, puedes consultar este reporte sobre la <a target=\"_blank\" rel=\"noopener\" href=\"https:\/\/www.youtube.com\/watch?v=J0-uPceWkuY\">Alerta Amarilla Fase 2 del Popocat\u00e9petl<\/a>, donde se detallan las medidas recomendadas por la CNPC.<\/p>\n","protected":false},"excerpt":{"rendered":"<p>PUEBLA, Pue. \u2014 Durante las \u00faltimas 24 horas, el volc\u00e1n Popocat\u00e9petl registr\u00f3 un total de 10 exhalaciones acompa\u00f1adas de vapor de agua, gases volc\u00e1nicos y ligeras cantidades de ceniza. A pesar de las emisiones reportadas en el m\u00e1s reciente informe del Centro Nacional de Prevenci\u00f3n de Desastres (Cenapred), las autoridades confirmaron que el Sem\u00e1foro de [&hellip;]<\/p>\n","protected":false},"author":1,"featured_media":92096,"comment_status":"open","ping_status":"open","sticky":false,"template":"","format":"standard","meta":{"om_disable_all_campaigns":false,"_monsterinsights_skip_tracking":false,"footnotes":""},"categories":[175],"tags":[223],"class_list":["post-92095","post","type-post","status-publish","format-standard","has-post-thumbnail","hentry","category-local","tag-puebla"],"amp_enabled":true,"_links":{"self":[{"href":"https:\/\/lahora.mx\/index.php\/wp-json\/wp\/v2\/posts\/92095","targetHints":{"allow":["GET"]}}],"collection":[{"href":"https:\/\/lahora.mx\/index.php\/wp-json\/wp\/v2\/posts"}],"about":[{"href":"https:\/\/lahora.mx\/index.php\/wp-json\/wp\/v2\/types\/post"}],"author":[{"embeddable":true,"href":"https:\/\/lahora.mx\/index.php\/wp-json\/wp\/v2\/users\/1"}],"replies":[{"embeddable":true,"href":"https:\/\/lahora.mx\/index.php\/wp-json\/wp\/v2\/comments?post=92095"}],"version-history":[{"count":1,"href":"https:\/\/lahora.mx\/index.php\/wp-json\/wp\/v2\/posts\/92095\/revisions"}],"predecessor-version":[{"id":92097,"href":"https:\/\/lahora.mx\/index.php\/wp-json\/wp\/v2\/posts\/92095\/revisions\/92097"}],"wp:featuredmedia":[{"embeddable":true,"href":"https:\/\/lahora.mx\/index.php\/wp-json\/wp\/v2\/media\/92096"}],"wp:attachment":[{"href":"https:\/\/lahora.mx\/index.php\/wp-json\/wp\/v2\/media?parent=92095"}],"wp:term":[{"taxonomy":"category","embeddable":true,"href":"https:\/\/lahora.mx\/index.php\/wp-json\/wp\/v2\/categories?post=92095"},{"taxonomy":"post_tag","embeddable":true,"href":"https:\/\/lahora.mx\/index.php\/wp-json\/wp\/v2\/tags?post=92095"}],"curies":[{"name":"wp","href":"https:\/\/api.w.org\/{rel}","templated":true}]}}