{"id":92091,"date":"2026-09-02T12:50:00","date_gmt":"2026-09-02T18:50:00","guid":{"rendered":"https:\/\/lahora.mx\/?p=92091"},"modified":"2026-09-02T12:50:02","modified_gmt":"2026-09-02T18:50:02","slug":"lleva-gobierno-de-pepe-chedraui-programa-alimentacion-imparable-a-san-felipe-hueyotlipan","status":"publish","type":"post","link":"https:\/\/lahora.mx\/index.php\/2026\/09\/02\/lleva-gobierno-de-pepe-chedraui-programa-alimentacion-imparable-a-san-felipe-hueyotlipan\/","title":{"rendered":"Lleva Gobierno de Pepe Chedraui programa \u00abAlimentaci\u00f3n Imparable\u00bb a San Felipe Hueyotlipan"},"content":{"rendered":"\n<p class=\"wp-block-paragraph\"><strong>PUEBLA, Pue.<\/strong> \u2014 Con la meta de fortalecer la seguridad alimentaria y respaldar la econom\u00eda familiar en la capital poblana, el Gobierno Municipal encabezado por el alcalde Pepe Chedraui, en coordinaci\u00f3n con el DIF Puebla Capital liderado por la presidenta del Patronato, MariElise Budib, concret\u00f3 la entrega de 12 mil 585 despensas del programa \u00abAlimentaci\u00f3n Imparable\u00bb en la junta auxiliar de San Felipe Hueyotlipan.<\/p>\n\n\n\n<p class=\"wp-block-paragraph\">Durante el evento protocolario, el director general del DIF Puebla Capital, Jes\u00fas Alejandro Cort\u00e9s Carrasco, asisti\u00f3 en representaci\u00f3n del edil capitalino para hacer entrega de los apoyos. En su intervenci\u00f3n, el funcionario destac\u00f3 que la iniciativa no se limita al reparto de productos de la canasta b\u00e1sica con alto valor nutritivo, sino que representa el compromiso directo de la administraci\u00f3n con el bienestar de la ciudadan\u00eda en situaci\u00f3n de vulnerabilidad.<\/p>\n\n\n\n<p class=\"wp-block-paragraph\">Cort\u00e9s Carrasco enfatiz\u00f3 que la distribuci\u00f3n de estos insumos busca aliviar la carga econ\u00f3mica en los hogares y garantizar un plato de comida diario para los sectores m\u00e1s desprotegidos de la demarcaci\u00f3n. Subray\u00f3 la prioridad institucional de asegurar que la ni\u00f1ez, las personas con discapacidad y los adultos mayores cuenten con la nutrici\u00f3n indispensable para su desarrollo sin la preocupaci\u00f3n por el desabasto alimentario.<\/p>\n\n\n\n<p class=\"wp-block-paragraph\">Por su parte, el presidente auxiliar de San Felipe Hueyotlipan, Jos\u00e9 Alfonso Severiano de la Rosa, reconoci\u00f3 la disposicion de la autoridad municipal para acercar de manera transparente y directa estas acciones sociales a las familias de la comunidad. Indic\u00f3 que la vinculaci\u00f3n entre los distintos niveles de gobierno resulta fundamental para canalizar asistencia a quienes realmente lo requieren.<\/p>\n\n\n\n<p class=\"wp-block-paragraph\">El programa \u00abAlimentaci\u00f3n Imparable\u00bb forma parte de la estrategia integral de asistencia social del Ayuntamiento de Puebla, orientada a combatir el rezago alimentario mediante la entrega constante y focalizada de paquetes de insumos b\u00e1sicos en las diversas juntas auxiliares e inspector\u00edas que integran el municipio.<\/p>\n","protected":false},"excerpt":{"rendered":"<p>PUEBLA, Pue. \u2014 Con la meta de fortalecer la seguridad alimentaria y respaldar la econom\u00eda familiar en la capital poblana, el Gobierno Municipal encabezado por el alcalde Pepe Chedraui, en coordinaci\u00f3n con el DIF Puebla Capital liderado por la presidenta del Patronato, MariElise Budib, concret\u00f3 la entrega de 12 mil 585 despensas del programa \u00abAlimentaci\u00f3n [&hellip;]<\/p>\n","protected":false},"author":1,"featured_media":92093,"comment_status":"open","ping_status":"open","sticky":false,"template":"","format":"standard","meta":{"om_disable_all_campaigns":false,"_monsterinsights_skip_tracking":false,"footnotes":""},"categories":[175],"tags":[320,223],"class_list":["post-92091","post","type-post","status-publish","format-standard","has-post-thumbnail","hentry","category-local","tag-chedraui","tag-puebla"],"amp_enabled":true,"_links":{"self":[{"href":"https:\/\/lahora.mx\/index.php\/wp-json\/wp\/v2\/posts\/92091","targetHints":{"allow":["GET"]}}],"collection":[{"href":"https:\/\/lahora.mx\/index.php\/wp-json\/wp\/v2\/posts"}],"about":[{"href":"https:\/\/lahora.mx\/index.php\/wp-json\/wp\/v2\/types\/post"}],"author":[{"embeddable":true,"href":"https:\/\/lahora.mx\/index.php\/wp-json\/wp\/v2\/users\/1"}],"replies":[{"embeddable":true,"href":"https:\/\/lahora.mx\/index.php\/wp-json\/wp\/v2\/comments?post=92091"}],"version-history":[{"count":1,"href":"https:\/\/lahora.mx\/index.php\/wp-json\/wp\/v2\/posts\/92091\/revisions"}],"predecessor-version":[{"id":92094,"href":"https:\/\/lahora.mx\/index.php\/wp-json\/wp\/v2\/posts\/92091\/revisions\/92094"}],"wp:featuredmedia":[{"embeddable":true,"href":"https:\/\/lahora.mx\/index.php\/wp-json\/wp\/v2\/media\/92093"}],"wp:attachment":[{"href":"https:\/\/lahora.mx\/index.php\/wp-json\/wp\/v2\/media?parent=92091"}],"wp:term":[{"taxonomy":"category","embeddable":true,"href":"https:\/\/lahora.mx\/index.php\/wp-json\/wp\/v2\/categories?post=92091"},{"taxonomy":"post_tag","embeddable":true,"href":"https:\/\/lahora.mx\/index.php\/wp-json\/wp\/v2\/tags?post=92091"}],"curies":[{"name":"wp","href":"https:\/\/api.w.org\/{rel}","templated":true}]}}