{"id":9209,"date":"2022-07-02T18:46:12","date_gmt":"2022-07-02T18:46:12","guid":{"rendered":"http:\/\/lahora.mx\/?p=9209"},"modified":"2022-07-02T18:46:12","modified_gmt":"2022-07-02T18:46:12","slug":"gobierno-de-la-ciudad-de-puebla-inicia-con-la-digitalizacion-de-documentos-del-archivo-historico","status":"publish","type":"post","link":"https:\/\/lahora.mx\/index.php\/2022\/07\/02\/gobierno-de-la-ciudad-de-puebla-inicia-con-la-digitalizacion-de-documentos-del-archivo-historico\/","title":{"rendered":"Gobierno de la ciudad de Puebla inicia con la digitalizaci\u00f3n de documentos del archivo hist\u00f3rico"},"content":{"rendered":"\n<p>El Gobierno de la Ciudad, a trav\u00e9s de la Secretar\u00eda del Ayuntamiento, inici\u00f3 con la digitalizaci\u00f3n de documentos hist\u00f3ricos a resguardo del Archivo General Municipal que supera los tres mil 200 vol\u00famenes, para que las y los ciudadanos puedan consultarlos de forma sencilla y accesible.<\/p>\n\n\n\n<p>Una de las metas establecidas por Eduardo Rivera P\u00e9rez, Presidente Municipal, es brindarle a la ciudadan\u00eda la posibilidad de consultar la memoria hist\u00f3rica, as\u00ed como promover la transparencia y el acceso a la informaci\u00f3n.<\/p>\n\n\n\n<p>Con este prop\u00f3sito se puso en marcha el proyecto de digitalizaci\u00f3n de documentos, entre los cuales se encuentran: Actas de Cabildo emitidas a partir del a\u00f1o 1533 a la fecha, C\u00e9dulas Reales desde el a\u00f1o 1534 a 1809, censos de propiedad del siglo XVI y diversos expedientes de la misma \u00e9poca hasta los siglos subsecuentes.<\/p>\n\n\n\n<p>Las metas de este programa de digitalizaci\u00f3n son que el acervo est\u00e9 a disposici\u00f3n de la ciudadan\u00eda antes de que concluya la actual administraci\u00f3n municipal, as\u00ed como facilitar e incrementar el n\u00famero de consultas, adelant\u00f3 la Secretaria General del Ayuntamiento, Silvia Tan\u00fas Osorio.<\/p>\n\n\n\n<p>En la actualidad, los documentos hist\u00f3ricos se pueden consultar mediante solicitud formal, a partir de ello se toman las medidas necesarias para garantizar la conservaci\u00f3n y el manejo adecuado de los archivos. Al concluir este programa, el acceso al acervo estar\u00e1 disponible en menor tiempo.<\/p>\n","protected":false},"excerpt":{"rendered":"<p>El Gobierno de la Ciudad, a trav\u00e9s de la Secretar\u00eda del Ayuntamiento, inici\u00f3 con la digitalizaci\u00f3n de documentos hist\u00f3ricos a resguardo del Archivo General Municipal que supera los tres mil 200 vol\u00famenes, para que las y los ciudadanos puedan consultarlos de forma sencilla y accesible. Una de las metas establecidas por Eduardo Rivera P\u00e9rez, Presidente [&hellip;]<\/p>\n","protected":false},"author":4,"featured_media":9210,"comment_status":"open","ping_status":"open","sticky":false,"template":"","format":"standard","meta":{"om_disable_all_campaigns":false,"_monsterinsights_skip_tracking":false,"_monsterinsights_sitenote_active":false,"_monsterinsights_sitenote_note":"","_monsterinsights_sitenote_category":0,"footnotes":""},"categories":[175],"tags":[195,223],"class_list":["post-9209","post","type-post","status-publish","format-standard","has-post-thumbnail","hentry","category-local","tag-principal","tag-puebla"],"amp_enabled":true,"_links":{"self":[{"href":"https:\/\/lahora.mx\/index.php\/wp-json\/wp\/v2\/posts\/9209","targetHints":{"allow":["GET"]}}],"collection":[{"href":"https:\/\/lahora.mx\/index.php\/wp-json\/wp\/v2\/posts"}],"about":[{"href":"https:\/\/lahora.mx\/index.php\/wp-json\/wp\/v2\/types\/post"}],"author":[{"embeddable":true,"href":"https:\/\/lahora.mx\/index.php\/wp-json\/wp\/v2\/users\/4"}],"replies":[{"embeddable":true,"href":"https:\/\/lahora.mx\/index.php\/wp-json\/wp\/v2\/comments?post=9209"}],"version-history":[{"count":1,"href":"https:\/\/lahora.mx\/index.php\/wp-json\/wp\/v2\/posts\/9209\/revisions"}],"predecessor-version":[{"id":9211,"href":"https:\/\/lahora.mx\/index.php\/wp-json\/wp\/v2\/posts\/9209\/revisions\/9211"}],"wp:featuredmedia":[{"embeddable":true,"href":"https:\/\/lahora.mx\/index.php\/wp-json\/wp\/v2\/media\/9210"}],"wp:attachment":[{"href":"https:\/\/lahora.mx\/index.php\/wp-json\/wp\/v2\/media?parent=9209"}],"wp:term":[{"taxonomy":"category","embeddable":true,"href":"https:\/\/lahora.mx\/index.php\/wp-json\/wp\/v2\/categories?post=9209"},{"taxonomy":"post_tag","embeddable":true,"href":"https:\/\/lahora.mx\/index.php\/wp-json\/wp\/v2\/tags?post=9209"}],"curies":[{"name":"wp","href":"https:\/\/api.w.org\/{rel}","templated":true}]}}