{"id":92086,"date":"2026-09-02T12:26:54","date_gmt":"2026-09-02T18:26:54","guid":{"rendered":"https:\/\/lahora.mx\/?p=92086"},"modified":"2026-09-02T12:32:33","modified_gmt":"2026-09-02T18:32:33","slug":"garcia-parra-denuncia-fabrica-de-mentiras-financiada-contra-el-sistema-de-transporte-por-cable","status":"publish","type":"post","link":"https:\/\/lahora.mx\/index.php\/2026\/09\/02\/garcia-parra-denuncia-fabrica-de-mentiras-financiada-contra-el-sistema-de-transporte-por-cable\/","title":{"rendered":"Garc\u00eda Parra denuncia fabricaci\u00f3n de mentiras pagadas contra el Sistema de Transporte por Cable"},"content":{"rendered":"\n<p class=\"wp-block-paragraph\"><strong>PUEBLA, Pue.<\/strong> \u2014 Un riguroso an\u00e1lisis sobre el comportamiento del ecosistema digital revel\u00f3 la existencia de una red articulada y coordinada dedicada a difundir desinformaci\u00f3n para generar un rechazo artificial en contra del Sistema de Transporte por Cable (STC). Durante la quinta emisi\u00f3n del programa <em>Derecho de R\u00e9plica<\/em>, el coordinador de Gabinete del Gobierno del Estado, Jos\u00e9 Luis Garc\u00eda Parra, expuso los hallazgos de un estudio realizado entre enero y agosto de 2026, el cual documenta la interacci\u00f3n de granjas de cuentas falsas y pautas publicitarias contratadas para distorsionar la percepci\u00f3n p\u00fablica sobre la obra.<\/p>\n\n\n\n<p class=\"wp-block-paragraph\">El monitoreo digital identific\u00f3 un volumen superior a las 413 mil menciones y comentarios, respaldados por 61 mil 500 actores \u00fanicos que generaron 100 millones de impresiones y 2.2 millones de interacciones en plataformas digitales. Pese a la campa\u00f1a de ataques, Garc\u00eda Parra puntualiz\u00f3 que el 63 por ciento de la conversaci\u00f3n global se mantiene en un plano positivo, el 10 por ciento en postura neutral y solo el 27 por ciento refleja opiniones negativas, estando concentrado este \u00faltimo segmento principalmente en la red social X (antes Twitter) y apuntalado por perfiles automatizados o bots.<\/p>\n\n\n\n<p class=\"wp-block-paragraph\">Entre los mecanismos de amplificaci\u00f3n detectados, el funcionario estatal ventil\u00f3 el caso de la televisora TV Azteca y sus filiales en estados como Hidalgo, Jalisco, Durango, Zacatecas, Michoac\u00e1n, Quer\u00e9taro y Tabasco, de las cuales se registraron mil 104 publicaciones sesgadas. Garc\u00eda Parra se\u00f1al\u00f3 que estas acciones cobraron fuerza tras la b\u00fasqueda sin \u00e9xito de un convenio publicitario por un monto de 2 mil 300 millones de pesos. Asimismo, el an\u00e1lisis revel\u00f3 que el 93 por ciento de las interacciones con carga negativa provienen de cuentas ligadas al Partido Acci\u00f3n Nacional (PAN), apoyadas con pautas publicitarias dirigidas desde pa\u00edses como Estados Unidos, Colombia y Argentina.<\/p>\n\n\n\n<p class=\"wp-block-paragraph\">Frente a la manipulaci\u00f3n medi\u00e1tica, el coordinador de Gabinete enfatiz\u00f3 que el Gobierno del Estado responder\u00e1 sistem\u00e1ticamente con datos duros y evidencia t\u00e9cnica para desmontar las falsas narrativas. Reiter\u00f3 que el proyecto del STC est\u00e1 debidamente sustentado mediante una licitaci\u00f3n p\u00fablica nacional y cuenta con el respaldo de m\u00e1s de 70 estudios especializados. De igual forma, precis\u00f3 que la obra dispone de todos los permisos y licencias requeridos, sumado a la validaci\u00f3n social y financiera otorgada por la Secretar\u00eda de Hacienda y Cr\u00e9dito P\u00fablico (SHCP).<\/p>\n\n\n\n<p class=\"wp-block-paragraph\">Finalmente, Garc\u00eda Parra subray\u00f3 que el Sistema de Transporte por Cable no generar\u00e1 endeudamiento alguno para las finanzas de Puebla, debido a que est\u00e1 dise\u00f1ado bajo un modelo autosostenible en el que la administraci\u00f3n estatal dejar\u00e1 de erogar costos de mantenimiento a partir de su segundo a\u00f1o de operaci\u00f3n. Concluy\u00f3 que la iniciativa busca consolidar una alternativa de movilidad digna y eficiente para los sectores m\u00e1s vulnerables de la poblaci\u00f3n, sentando las bases de la infraestructura urbana de la Puebla del a\u00f1o 2050.<\/p>\n","protected":false},"excerpt":{"rendered":"<p>PUEBLA, Pue. \u2014 Un riguroso an\u00e1lisis sobre el comportamiento del ecosistema digital revel\u00f3 la existencia de una red articulada y coordinada dedicada a difundir desinformaci\u00f3n para generar un rechazo artificial en contra del Sistema de Transporte por Cable (STC). Durante la quinta emisi\u00f3n del programa Derecho de R\u00e9plica, el coordinador de Gabinete del Gobierno del [&hellip;]<\/p>\n","protected":false},"author":1,"featured_media":92087,"comment_status":"open","ping_status":"open","sticky":false,"template":"","format":"standard","meta":{"om_disable_all_campaigns":false,"_monsterinsights_skip_tracking":false,"footnotes":""},"categories":[175],"tags":[239,195,223],"class_list":["post-92086","post","type-post","status-publish","format-standard","has-post-thumbnail","hentry","category-local","tag-gobierno","tag-principal","tag-puebla"],"amp_enabled":true,"_links":{"self":[{"href":"https:\/\/lahora.mx\/index.php\/wp-json\/wp\/v2\/posts\/92086","targetHints":{"allow":["GET"]}}],"collection":[{"href":"https:\/\/lahora.mx\/index.php\/wp-json\/wp\/v2\/posts"}],"about":[{"href":"https:\/\/lahora.mx\/index.php\/wp-json\/wp\/v2\/types\/post"}],"author":[{"embeddable":true,"href":"https:\/\/lahora.mx\/index.php\/wp-json\/wp\/v2\/users\/1"}],"replies":[{"embeddable":true,"href":"https:\/\/lahora.mx\/index.php\/wp-json\/wp\/v2\/comments?post=92086"}],"version-history":[{"count":3,"href":"https:\/\/lahora.mx\/index.php\/wp-json\/wp\/v2\/posts\/92086\/revisions"}],"predecessor-version":[{"id":92090,"href":"https:\/\/lahora.mx\/index.php\/wp-json\/wp\/v2\/posts\/92086\/revisions\/92090"}],"wp:featuredmedia":[{"embeddable":true,"href":"https:\/\/lahora.mx\/index.php\/wp-json\/wp\/v2\/media\/92087"}],"wp:attachment":[{"href":"https:\/\/lahora.mx\/index.php\/wp-json\/wp\/v2\/media?parent=92086"}],"wp:term":[{"taxonomy":"category","embeddable":true,"href":"https:\/\/lahora.mx\/index.php\/wp-json\/wp\/v2\/categories?post=92086"},{"taxonomy":"post_tag","embeddable":true,"href":"https:\/\/lahora.mx\/index.php\/wp-json\/wp\/v2\/tags?post=92086"}],"curies":[{"name":"wp","href":"https:\/\/api.w.org\/{rel}","templated":true}]}}