{"id":92074,"date":"2026-09-02T09:57:23","date_gmt":"2026-09-02T15:57:23","guid":{"rendered":"https:\/\/lahora.mx\/?p=92074"},"modified":"2026-09-02T09:57:25","modified_gmt":"2026-09-02T15:57:25","slug":"fiestas-patrias-contaran-con-seguridad-garantizada-y-operativo-coordinado-alejandro-armenta","status":"publish","type":"post","link":"https:\/\/lahora.mx\/index.php\/2026\/09\/02\/fiestas-patrias-contaran-con-seguridad-garantizada-y-operativo-coordinado-alejandro-armenta\/","title":{"rendered":"Fiestas patrias contar\u00e1n con seguridad garantizada y operativo coordinado: Alejandro Armenta"},"content":{"rendered":"\n<p class=\"wp-block-paragraph\"><\/p>\n\n\n\n<p class=\"wp-block-paragraph\"><strong>PUEBLA, Pue.<\/strong> \u2014 Durante las festividades conmemorativas del Mes de la Patria, el gobierno estatal, en estricta coordinaci\u00f3n con mandos federales y municipales, garantizar\u00e1 la paz, el orden y la seguridad de todas las familias poblanas y visitantes que acudan a los eventos p\u00fablicos masivos, asever\u00f3 el gobernador electo Alejandro Armenta.<\/p>\n\n\n\n<p class=\"wp-block-paragraph\">El plan operativo contempla la intervenci\u00f3n activa de elementos de la Secretar\u00eda de Seguridad P\u00fablica (SSP), la Guardia Nacional, la Secretar\u00eda de la Defensa Nacional (SEDENA) y las polic\u00edas municipales de la zona metropolitana. Se instalar\u00e1n arcos de seguridad, puntos de control preventivo en los accesos al Centro Hist\u00f3rico y patrullajes a\u00e9reos y terrestres durante los d\u00edas de mayor afluencia.<\/p>\n\n\n\n<p class=\"wp-block-paragraph\">Armenta resalt\u00f3 que la coordinaci\u00f3n interinstitucional es la clave para que la ciudadan\u00eda pueda disfrutar de los eventos art\u00edsticos, gastron\u00f3micos y c\u00edvicos con absoluta tranquilidad. Detall\u00f3 que se pondr\u00e1 especial \u00e9nfasis en el resguardo de plazas p\u00fablicas, centros tur\u00edsticos y corredores gastron\u00f3micos tanto en la capital como en las principales cabeceras municipales del interior del estado.<\/p>\n\n\n\n<p class=\"wp-block-paragraph\">Por su parte, los cuerpos de Protecci\u00f3n Civil llevar\u00e1n a cabo revisiones exhaustivas en la instalaci\u00f3n de puestos comerciales que empleen tanques de gas o instalaciones el\u00e9ctricas, as\u00ed como en los aspectos t\u00e9cnicos vinculados a la pirotecnia programada para la noche del 15 de septiembre.<\/p>\n\n\n\n<p class=\"wp-block-paragraph\">Las autoridades concluyeron haciendo un llamado a la ciudadan\u00eda a festejar con responsabilidad, evitando la portaci\u00f3n de objetos punzocortantes o bebidas embriagantes en recipientes de cristal dentro de los cuadrantes festivos, colaborando de esta manera con el personal encargado del orden.<\/p>\n","protected":false},"excerpt":{"rendered":"<p>PUEBLA, Pue. \u2014 Durante las festividades conmemorativas del Mes de la Patria, el gobierno estatal, en estricta coordinaci\u00f3n con mandos federales y municipales, garantizar\u00e1 la paz, el orden y la seguridad de todas las familias poblanas y visitantes que acudan a los eventos p\u00fablicos masivos, asever\u00f3 el gobernador electo Alejandro Armenta. El plan operativo contempla [&hellip;]<\/p>\n","protected":false},"author":1,"featured_media":92075,"comment_status":"open","ping_status":"open","sticky":false,"template":"","format":"standard","meta":{"om_disable_all_campaigns":false,"_monsterinsights_skip_tracking":false,"footnotes":""},"categories":[175],"tags":[239,195,223],"class_list":["post-92074","post","type-post","status-publish","format-standard","has-post-thumbnail","hentry","category-local","tag-gobierno","tag-principal","tag-puebla"],"amp_enabled":true,"_links":{"self":[{"href":"https:\/\/lahora.mx\/index.php\/wp-json\/wp\/v2\/posts\/92074","targetHints":{"allow":["GET"]}}],"collection":[{"href":"https:\/\/lahora.mx\/index.php\/wp-json\/wp\/v2\/posts"}],"about":[{"href":"https:\/\/lahora.mx\/index.php\/wp-json\/wp\/v2\/types\/post"}],"author":[{"embeddable":true,"href":"https:\/\/lahora.mx\/index.php\/wp-json\/wp\/v2\/users\/1"}],"replies":[{"embeddable":true,"href":"https:\/\/lahora.mx\/index.php\/wp-json\/wp\/v2\/comments?post=92074"}],"version-history":[{"count":1,"href":"https:\/\/lahora.mx\/index.php\/wp-json\/wp\/v2\/posts\/92074\/revisions"}],"predecessor-version":[{"id":92076,"href":"https:\/\/lahora.mx\/index.php\/wp-json\/wp\/v2\/posts\/92074\/revisions\/92076"}],"wp:featuredmedia":[{"embeddable":true,"href":"https:\/\/lahora.mx\/index.php\/wp-json\/wp\/v2\/media\/92075"}],"wp:attachment":[{"href":"https:\/\/lahora.mx\/index.php\/wp-json\/wp\/v2\/media?parent=92074"}],"wp:term":[{"taxonomy":"category","embeddable":true,"href":"https:\/\/lahora.mx\/index.php\/wp-json\/wp\/v2\/categories?post=92074"},{"taxonomy":"post_tag","embeddable":true,"href":"https:\/\/lahora.mx\/index.php\/wp-json\/wp\/v2\/tags?post=92074"}],"curies":[{"name":"wp","href":"https:\/\/api.w.org\/{rel}","templated":true}]}}