{"id":92070,"date":"2026-09-02T09:49:48","date_gmt":"2026-09-02T15:49:48","guid":{"rendered":"https:\/\/lahora.mx\/?p=92070"},"modified":"2026-09-02T09:49:49","modified_gmt":"2026-09-02T15:49:49","slug":"inyectan-mas-de-171-millones-de-pesos-en-obra-de-rehabilitacion-vial-para-cuautlancingo","status":"publish","type":"post","link":"https:\/\/lahora.mx\/index.php\/2026\/09\/02\/inyectan-mas-de-171-millones-de-pesos-en-obra-de-rehabilitacion-vial-para-cuautlancingo\/","title":{"rendered":"Inyectan m\u00e1s de 171 millones de pesos en obra de rehabilitaci\u00f3n vial para Cuautlancingo"},"content":{"rendered":"\n<p class=\"wp-block-paragraph\"><strong>CUAUTLANCINGO, Pue.<\/strong> \u2014 Con un presupuesto asignado que supera los 171 millones de pesos, arranc\u00f3 formalmente el megaproyecto de rehabilitaci\u00f3n de infraestructura vial en el municipio de Cuautlancingo. Las obras est\u00e1n enfocadas en la repavimentaci\u00f3n con concreto hidr\u00e1ulico, la sustituci\u00f3n de redes de alcantarillado y la modernizaci\u00f3n de la imagen urbana en los corredores viales con mayor tr\u00e1nsito de la demarcaci\u00f3n.<\/p>\n\n\n\n<p class=\"wp-block-paragraph\">El plan de intervenci\u00f3n contempla el reordenamiento de avenidas que conectan las zonas residenciales con los parques industriales de la regi\u00f3n, \u00e1reas que durante a\u00f1os sufrieron por el deterioro del pavimento debido al paso constante de transporte pesado. De acuerdo con las autoridades locales, la meta es reducir sensiblemente los tiempos de traslado y mejorar la seguridad vial de peatones y automovilistas.<\/p>\n\n\n\n<p class=\"wp-block-paragraph\">Dentro del proyecto se prev\u00e9 la instalaci\u00f3n de nueva se\u00f1al\u00e9tica, alumbrado p\u00fablico con tecnolog\u00eda LED, construcci\u00f3n de banquetas con rampas de accesibilidad universal y la rehabilitaci\u00f3n de los sistemas colectores pluviales para prevenir inundaciones durante la temporada de lluvias. Se estima que las obras beneficien de forma directa a m\u00e1s de 100 mil habitantes y comercios locales.<\/p>\n\n\n\n<p class=\"wp-block-paragraph\">Autoridades municipales solicitaron la comprensi\u00f3n y colaboraci\u00f3n de los vecinos durante el desarrollo de los trabajos, informando que se habilitar\u00e1n v\u00edas alternas y operativos constantes por parte de la polic\u00eda de tr\u00e1nsito para agilizar el flujo vehicular mientras duran los cierres parciales de calles.<\/p>\n\n\n\n<p class=\"wp-block-paragraph\">Se prev\u00e9 que el bloque principal de estas obras sea entregado antes de finalizar el presente ejercicio fiscal, convirti\u00e9ndose en una de las inversiones p\u00fablicas en infraestructura vial m\u00e1s cuantiosas ejecutadas en la historia reciente del municipio de Cuautlancingo.<\/p>\n\n\n\n<p class=\"wp-block-paragraph\"><\/p>\n","protected":false},"excerpt":{"rendered":"<p>CUAUTLANCINGO, Pue. \u2014 Con un presupuesto asignado que supera los 171 millones de pesos, arranc\u00f3 formalmente el megaproyecto de rehabilitaci\u00f3n de infraestructura vial en el municipio de Cuautlancingo. Las obras est\u00e1n enfocadas en la repavimentaci\u00f3n con concreto hidr\u00e1ulico, la sustituci\u00f3n de redes de alcantarillado y la modernizaci\u00f3n de la imagen urbana en los corredores viales [&hellip;]<\/p>\n","protected":false},"author":1,"featured_media":92072,"comment_status":"open","ping_status":"open","sticky":false,"template":"","format":"standard","meta":{"om_disable_all_campaigns":false,"_monsterinsights_skip_tracking":false,"footnotes":""},"categories":[5],"tags":[],"class_list":["post-92070","post","type-post","status-publish","format-standard","has-post-thumbnail","hentry","category-politica"],"amp_enabled":true,"_links":{"self":[{"href":"https:\/\/lahora.mx\/index.php\/wp-json\/wp\/v2\/posts\/92070","targetHints":{"allow":["GET"]}}],"collection":[{"href":"https:\/\/lahora.mx\/index.php\/wp-json\/wp\/v2\/posts"}],"about":[{"href":"https:\/\/lahora.mx\/index.php\/wp-json\/wp\/v2\/types\/post"}],"author":[{"embeddable":true,"href":"https:\/\/lahora.mx\/index.php\/wp-json\/wp\/v2\/users\/1"}],"replies":[{"embeddable":true,"href":"https:\/\/lahora.mx\/index.php\/wp-json\/wp\/v2\/comments?post=92070"}],"version-history":[{"count":1,"href":"https:\/\/lahora.mx\/index.php\/wp-json\/wp\/v2\/posts\/92070\/revisions"}],"predecessor-version":[{"id":92073,"href":"https:\/\/lahora.mx\/index.php\/wp-json\/wp\/v2\/posts\/92070\/revisions\/92073"}],"wp:featuredmedia":[{"embeddable":true,"href":"https:\/\/lahora.mx\/index.php\/wp-json\/wp\/v2\/media\/92072"}],"wp:attachment":[{"href":"https:\/\/lahora.mx\/index.php\/wp-json\/wp\/v2\/media?parent=92070"}],"wp:term":[{"taxonomy":"category","embeddable":true,"href":"https:\/\/lahora.mx\/index.php\/wp-json\/wp\/v2\/categories?post=92070"},{"taxonomy":"post_tag","embeddable":true,"href":"https:\/\/lahora.mx\/index.php\/wp-json\/wp\/v2\/tags?post=92070"}],"curies":[{"name":"wp","href":"https:\/\/api.w.org\/{rel}","templated":true}]}}