{"id":92067,"date":"2026-09-02T09:48:18","date_gmt":"2026-09-02T15:48:18","guid":{"rendered":"https:\/\/lahora.mx\/?p=92067"},"modified":"2026-09-02T09:48:19","modified_gmt":"2026-09-02T15:48:19","slug":"impulsan-paquete-de-apoyo-y-estimulos-fiscales-para-comunidades-mezcaleras-de-la-mixteca-poblana","status":"publish","type":"post","link":"https:\/\/lahora.mx\/index.php\/2026\/09\/02\/impulsan-paquete-de-apoyo-y-estimulos-fiscales-para-comunidades-mezcaleras-de-la-mixteca-poblana\/","title":{"rendered":"Impulsan paquete de apoyo y est\u00edmulos fiscales para comunidades mezcaleras de la Mixteca Poblana"},"content":{"rendered":"\n<p class=\"wp-block-paragraph\"><strong>PUEBLA, Pue.<\/strong> \u2014 Con el prop\u00f3sito de consolidar a la Mixteca poblana como un referente nacional en la producci\u00f3n de bebidas espirituosas, legisladores y autoridades estatales presentaron una iniciativa para otorgar apoyos fiscales y esquemas de incentivaci\u00f3n a productores artesanales de mezcal en la regi\u00f3n. La propuesta busca dinamizar la econom\u00eda rural y brindar facilidades administrativas a peque\u00f1as y medianas palenques.<\/p>\n\n\n\n<p class=\"wp-block-paragraph\">La medida contempla esquemas de tasa preferencial, facilidades en el tr\u00e1mite de certificaciones de denominaci\u00f3n de origen y la creaci\u00f3n de un fondo de coinversi\u00f3n para la tecnificaci\u00f3n sustentable en la siembra de agave. Durante la presentaci\u00f3n, representantes parlamentarios subrayaron que la actividad mezcalera se ha convertido en el sost\u00e9n financiero de miles de familias mixtecas, frenando incluso los \u00edndices de migraci\u00f3n en la zona.<\/p>\n\n\n\n<p class=\"wp-block-paragraph\">Productores de municipios como Huehuetl\u00e1n el Grande, Acatl\u00e1n de Osorio y Tepexi de Rodr\u00edguez manifestaron que una de las principales barreras que enfrentan es la sobrecarga fiscal y la tramitolog\u00eda ante las autoridades hacendarias, lo que limita su capacidad para exportar o ingresar a cadenas comerciales de mayor alcance. Con esta iniciativa se busca nivelar la cancha frente a grandes industrias del ramo.<\/p>\n\n\n\n<p class=\"wp-block-paragraph\">Asimismo, la propuesta incluye capacitaciones obligatorias en el uso sostenible de recursos naturales, con el objetivo de evitar el desmonte de \u00e1reas forestales nativas para el cultivo de agave y promover el aprovechamiento responsable del agua en los procesos de destilaci\u00f3n.<\/p>\n\n\n\n<p class=\"wp-block-paragraph\">La iniciativa ser\u00e1 discutida en las comisiones de Hacienda y Desarrollo Rural dentro de las pr\u00f3ximas semanas, previ\u00e9ndose una amplia aceptaci\u00f3n entre los distintos grupos parlamentarios dada la relevancia econ\u00f3mica y sociocultural del mezcal para el desarrollo regional de Puebla.<\/p>\n","protected":false},"excerpt":{"rendered":"<p>PUEBLA, Pue. \u2014 Con el prop\u00f3sito de consolidar a la Mixteca poblana como un referente nacional en la producci\u00f3n de bebidas espirituosas, legisladores y autoridades estatales presentaron una iniciativa para otorgar apoyos fiscales y esquemas de incentivaci\u00f3n a productores artesanales de mezcal en la regi\u00f3n. La propuesta busca dinamizar la econom\u00eda rural y brindar facilidades [&hellip;]<\/p>\n","protected":false},"author":1,"featured_media":92068,"comment_status":"open","ping_status":"open","sticky":false,"template":"","format":"standard","meta":{"om_disable_all_campaigns":false,"_monsterinsights_skip_tracking":false,"footnotes":""},"categories":[175],"tags":[227,223],"class_list":["post-92067","post","type-post","status-publish","format-standard","has-post-thumbnail","hentry","category-local","tag-congreso","tag-puebla"],"amp_enabled":true,"_links":{"self":[{"href":"https:\/\/lahora.mx\/index.php\/wp-json\/wp\/v2\/posts\/92067","targetHints":{"allow":["GET"]}}],"collection":[{"href":"https:\/\/lahora.mx\/index.php\/wp-json\/wp\/v2\/posts"}],"about":[{"href":"https:\/\/lahora.mx\/index.php\/wp-json\/wp\/v2\/types\/post"}],"author":[{"embeddable":true,"href":"https:\/\/lahora.mx\/index.php\/wp-json\/wp\/v2\/users\/1"}],"replies":[{"embeddable":true,"href":"https:\/\/lahora.mx\/index.php\/wp-json\/wp\/v2\/comments?post=92067"}],"version-history":[{"count":1,"href":"https:\/\/lahora.mx\/index.php\/wp-json\/wp\/v2\/posts\/92067\/revisions"}],"predecessor-version":[{"id":92069,"href":"https:\/\/lahora.mx\/index.php\/wp-json\/wp\/v2\/posts\/92067\/revisions\/92069"}],"wp:featuredmedia":[{"embeddable":true,"href":"https:\/\/lahora.mx\/index.php\/wp-json\/wp\/v2\/media\/92068"}],"wp:attachment":[{"href":"https:\/\/lahora.mx\/index.php\/wp-json\/wp\/v2\/media?parent=92067"}],"wp:term":[{"taxonomy":"category","embeddable":true,"href":"https:\/\/lahora.mx\/index.php\/wp-json\/wp\/v2\/categories?post=92067"},{"taxonomy":"post_tag","embeddable":true,"href":"https:\/\/lahora.mx\/index.php\/wp-json\/wp\/v2\/tags?post=92067"}],"curies":[{"name":"wp","href":"https:\/\/api.w.org\/{rel}","templated":true}]}}