{"id":92064,"date":"2026-09-02T09:46:38","date_gmt":"2026-09-02T15:46:38","guid":{"rendered":"https:\/\/lahora.mx\/?p=92064"},"modified":"2026-09-02T09:46:39","modified_gmt":"2026-09-02T15:46:39","slug":"conductora-en-presunto-estado-de-ebriedad-derriba-adornos-patrios-en-avenida-reforma","status":"publish","type":"post","link":"https:\/\/lahora.mx\/index.php\/2026\/09\/02\/conductora-en-presunto-estado-de-ebriedad-derriba-adornos-patrios-en-avenida-reforma\/","title":{"rendered":"Conductora en presunto estado de ebriedad derriba adornos patrios en Avenida Reforma"},"content":{"rendered":"\n<p class=\"wp-block-paragraph\"><strong>PUEBLA, Pue.<\/strong> \u2014 Un aparatoso accidente vial se registr\u00f3 durante las primeras horas en pleno Centro Hist\u00f3rico de la capital poblana, cuando una mujer al volante de un veh\u00edculo particular perdi\u00f3 el control e impact\u00f3 directamente contra las estructuras y ornamentos instalados sobre la Avenida Reforma con motivo de las festividades del Mes de la Patria.<\/p>\n\n\n\n<p class=\"wp-block-paragraph\">De acuerdo con los reportes de los cuerpos de emergencia y la Secretar\u00eda de Seguridad Ciudadana (SSC), la conductora transitaba a exceso de velocidad en el tramo comprendido en el primer cuadro de la ciudad. Testigos presenciales se\u00f1alaron que el autom\u00f3vil zigzague\u00f3 repentinamente hasta subirse al camell\u00f3n, derribando a su paso varios adornos met\u00e1licos y luminarios colocados apenas recientemente por el Ayuntamiento.<\/p>\n\n\n\n<p class=\"wp-block-paragraph\">Elementos de Tr\u00e1nsito Municipal y param\u00e9dicos arribaron al sitio para acordonar la zona y brindar la atenci\u00f3n correspondiente. Tras realizar la valoraci\u00f3n m\u00e9dica de la involucrada, los oficiales procedieron a practicarle la prueba de alcoholemia, la cual dio positivo a niveles no permitidos para la conducci\u00f3n de veh\u00edculos de motor, por lo que fue asegurada en el sitio.<\/p>\n\n\n\n<p class=\"wp-block-paragraph\">El percance dej\u00f3 da\u00f1os materiales de consideraci\u00f3n tanto en la unidad siniestrada como en la infraestructura urbana que adornaba las calles principales de la capital. Cuadrillas de la Secretar\u00eda de Servicios P\u00fablicos tuvieron que intervenir para retirar las estructuras siniestradas, liberar la circulaci\u00f3n y evaluar el monto de las p\u00e9rdidas sufridas por el patrimonio municipal.<\/p>\n\n\n\n<p class=\"wp-block-paragraph\">La conductora fue puesta a disposici\u00f3n de las autoridades del Ministerio P\u00fablico para determinar su situaci\u00f3n jur\u00eddica, deslindar responsabilidades por los delitos de da\u00f1o a la propiedad ajena y responder por las multas administrativas derivadas de conducir bajo los influjos del alcohol.<\/p>\n","protected":false},"excerpt":{"rendered":"<p>PUEBLA, Pue. \u2014 Un aparatoso accidente vial se registr\u00f3 durante las primeras horas en pleno Centro Hist\u00f3rico de la capital poblana, cuando una mujer al volante de un veh\u00edculo particular perdi\u00f3 el control e impact\u00f3 directamente contra las estructuras y ornamentos instalados sobre la Avenida Reforma con motivo de las festividades del Mes de la [&hellip;]<\/p>\n","protected":false},"author":1,"featured_media":92065,"comment_status":"open","ping_status":"open","sticky":false,"template":"","format":"standard","meta":{"om_disable_all_campaigns":false,"_monsterinsights_skip_tracking":false,"footnotes":""},"categories":[175],"tags":[223],"class_list":["post-92064","post","type-post","status-publish","format-standard","has-post-thumbnail","hentry","category-local","tag-puebla"],"amp_enabled":true,"_links":{"self":[{"href":"https:\/\/lahora.mx\/index.php\/wp-json\/wp\/v2\/posts\/92064","targetHints":{"allow":["GET"]}}],"collection":[{"href":"https:\/\/lahora.mx\/index.php\/wp-json\/wp\/v2\/posts"}],"about":[{"href":"https:\/\/lahora.mx\/index.php\/wp-json\/wp\/v2\/types\/post"}],"author":[{"embeddable":true,"href":"https:\/\/lahora.mx\/index.php\/wp-json\/wp\/v2\/users\/1"}],"replies":[{"embeddable":true,"href":"https:\/\/lahora.mx\/index.php\/wp-json\/wp\/v2\/comments?post=92064"}],"version-history":[{"count":1,"href":"https:\/\/lahora.mx\/index.php\/wp-json\/wp\/v2\/posts\/92064\/revisions"}],"predecessor-version":[{"id":92066,"href":"https:\/\/lahora.mx\/index.php\/wp-json\/wp\/v2\/posts\/92064\/revisions\/92066"}],"wp:featuredmedia":[{"embeddable":true,"href":"https:\/\/lahora.mx\/index.php\/wp-json\/wp\/v2\/media\/92065"}],"wp:attachment":[{"href":"https:\/\/lahora.mx\/index.php\/wp-json\/wp\/v2\/media?parent=92064"}],"wp:term":[{"taxonomy":"category","embeddable":true,"href":"https:\/\/lahora.mx\/index.php\/wp-json\/wp\/v2\/categories?post=92064"},{"taxonomy":"post_tag","embeddable":true,"href":"https:\/\/lahora.mx\/index.php\/wp-json\/wp\/v2\/tags?post=92064"}],"curies":[{"name":"wp","href":"https:\/\/api.w.org\/{rel}","templated":true}]}}