{"id":9206,"date":"2022-07-02T18:42:56","date_gmt":"2022-07-02T18:42:56","guid":{"rendered":"http:\/\/lahora.mx\/?p=9206"},"modified":"2022-07-02T18:43:41","modified_gmt":"2022-07-02T18:43:41","slug":"ya-son-encarcelados-asesinos-de-la-nina-brenda-de-chichiquila","status":"publish","type":"post","link":"https:\/\/lahora.mx\/index.php\/2022\/07\/02\/ya-son-encarcelados-asesinos-de-la-nina-brenda-de-chichiquila\/","title":{"rendered":"Ya son encarcelados asesinos de la ni\u00f1a Brenda de Chichiquila"},"content":{"rendered":"\n<p>Los dos sujetos acusados de abusar sexualmente y asesinar a la ni\u00f1a Brenda en el municipio de Chichiquila, Puebla, fueron enviados a prisi\u00f3n luego de que un juez de Control los vincul\u00f3 a proceso.<\/p>\n\n\n\n<p>La ma\u00f1ana del viernes 1 de julio Mauricio G., y Antonio H., de 19 y 20 a\u00f1os, fueron llevados al Centro de Justicia Penal de Ciudad Serd\u00e1n.<\/p>\n\n\n\n<p>El juez de la causa calific\u00f3 de legal la detenci\u00f3n de ambos, as\u00ed que el agente del Ministerio P\u00fablico les formul\u00f3 imputaci\u00f3n y expuso los datos de prueba que obran dentro de la carpeta.<br>Luego de que el agente del Ministerio P\u00fablico solicit\u00f3 al juez que los acusados fueran vinculados a proceso, los dos sujetos aceptaron que en ese momento se definiera su situaci\u00f3n jur\u00eddica.<\/p>\n\n\n\n<p>Tras la intervenci\u00f3n del abogado de los dos varones, el togado hall\u00f3 suficientes elementos para considerar que Mauricio y Antonio podr\u00edan ser responsables de los delitos de los que se les se\u00f1ala.<\/p>\n\n\n\n<p>Adem\u00e1s, el jurista les impuso la medida cautelar de prisi\u00f3n preventiva oficiosa por todo el tiempo que dure la investigaci\u00f3n en su contra, y otorg\u00f3 un plazo de cuatro meses para el cierre de la investigaci\u00f3n complementaria.<br>Ante la medida cautelar impuesta, los dos j\u00f3venes fueron llevados a un centro penitenciario.<\/p>\n\n\n\n<p>Mauricio y Antonio son acusados de haber retenido y abusado sexualmente de su vecina Brenda, de cuatro a\u00f1os, cuando sali\u00f3 de la casa de su abuela en el barrio de Ocotitl\u00e1n.<\/p>\n\n\n\n<p>Adem\u00e1s del abuso, los sujetos mataron a la ni\u00f1a a golpes, pues fue encontrada horas despu\u00e9s con huellas de extrema violencia.<\/p>\n\n\n\n<p>La ropa de la menor hallada en la casa de uno de los dos detenidos los delat\u00f3, e incluso iban a ser quemados por la poblaci\u00f3n, pero autoridades lo evitaron y detuvieron a los dos hombres para que fueran juzgados.<\/p>\n\n\n\n<p>El jueves por la tarde Brenda fue sepultada y despedida por m\u00e1s de 300 personas que se unieron a la pena de la familia, y exigieron justicia, un alto a la violencia y mayor seguridad.<\/p>\n","protected":false},"excerpt":{"rendered":"<p>Los dos sujetos acusados de abusar sexualmente y asesinar a la ni\u00f1a Brenda en el municipio de Chichiquila, Puebla, fueron enviados a prisi\u00f3n luego de que un juez de Control los vincul\u00f3 a proceso. La ma\u00f1ana del viernes 1 de julio Mauricio G., y Antonio H., de 19 y 20 a\u00f1os, fueron llevados al Centro [&hellip;]<\/p>\n","protected":false},"author":4,"featured_media":9207,"comment_status":"open","ping_status":"open","sticky":false,"template":"","format":"standard","meta":{"om_disable_all_campaigns":false,"_monsterinsights_skip_tracking":false,"_monsterinsights_sitenote_active":false,"_monsterinsights_sitenote_note":"","_monsterinsights_sitenote_category":0,"footnotes":""},"categories":[175],"tags":[],"class_list":["post-9206","post","type-post","status-publish","format-standard","has-post-thumbnail","hentry","category-local"],"amp_enabled":true,"_links":{"self":[{"href":"https:\/\/lahora.mx\/index.php\/wp-json\/wp\/v2\/posts\/9206","targetHints":{"allow":["GET"]}}],"collection":[{"href":"https:\/\/lahora.mx\/index.php\/wp-json\/wp\/v2\/posts"}],"about":[{"href":"https:\/\/lahora.mx\/index.php\/wp-json\/wp\/v2\/types\/post"}],"author":[{"embeddable":true,"href":"https:\/\/lahora.mx\/index.php\/wp-json\/wp\/v2\/users\/4"}],"replies":[{"embeddable":true,"href":"https:\/\/lahora.mx\/index.php\/wp-json\/wp\/v2\/comments?post=9206"}],"version-history":[{"count":1,"href":"https:\/\/lahora.mx\/index.php\/wp-json\/wp\/v2\/posts\/9206\/revisions"}],"predecessor-version":[{"id":9208,"href":"https:\/\/lahora.mx\/index.php\/wp-json\/wp\/v2\/posts\/9206\/revisions\/9208"}],"wp:featuredmedia":[{"embeddable":true,"href":"https:\/\/lahora.mx\/index.php\/wp-json\/wp\/v2\/media\/9207"}],"wp:attachment":[{"href":"https:\/\/lahora.mx\/index.php\/wp-json\/wp\/v2\/media?parent=9206"}],"wp:term":[{"taxonomy":"category","embeddable":true,"href":"https:\/\/lahora.mx\/index.php\/wp-json\/wp\/v2\/categories?post=9206"},{"taxonomy":"post_tag","embeddable":true,"href":"https:\/\/lahora.mx\/index.php\/wp-json\/wp\/v2\/tags?post=9206"}],"curies":[{"name":"wp","href":"https:\/\/api.w.org\/{rel}","templated":true}]}}