{"id":92056,"date":"2026-09-01T22:22:55","date_gmt":"2026-09-02T04:22:55","guid":{"rendered":"https:\/\/lahora.mx\/?p=92056"},"modified":"2026-09-01T22:22:56","modified_gmt":"2026-09-02T04:22:56","slug":"la-sip-exige-investigacion-exhaustiva-tras-el-asesinato-del-comunicador-ricardo-zuniga-en-puebla","status":"publish","type":"post","link":"https:\/\/lahora.mx\/index.php\/2026\/09\/01\/la-sip-exige-investigacion-exhaustiva-tras-el-asesinato-del-comunicador-ricardo-zuniga-en-puebla\/","title":{"rendered":"La SIP exige investigaci\u00f3n exhaustiva tras el asesinato del comunicador Ricardo Z\u00fa\u00f1iga en Puebla"},"content":{"rendered":"\n<ul class=\"wp-block-list\">\n<li><em>La Sociedad Interamericana de Prensa solicit\u00f3 a las autoridades considerar la labor informativa de la v\u00edctima como la principal l\u00ednea de investigaci\u00f3n.<\/em><\/li>\n<\/ul>\n\n\n\n<p class=\"wp-block-paragraph\">La <strong>Sociedad Interamericana de Prensa (SIP)<\/strong> conden\u00f3 el asesinato del fot\u00f3grafo y creador de contenido <strong>Ricardo Z\u00fa\u00f1iga Rosas<\/strong>, registrado el pasado 29 de agosto en el municipio de Tehuitzingo, Puebla. Ante estos hechos, la organizaci\u00f3n exigi\u00f3 a las autoridades una investigaci\u00f3n pronta, exhaustiva y efectiva que no descarte su actividad informativa como el m\u00f3vil principal del crimen.<\/p>\n\n\n\n<p class=\"wp-block-paragraph\">De acuerdo con el comunicado emitido por la SIP, Z\u00fa\u00f1iga Rosas, de 35 a\u00f1os, fue v\u00edctima de un ataque directo con arma de fuego dentro de un establecimiento de su propiedad. Dos sujetos que se desplazaban a bordo de una motocicleta arribaron al lugar y dispararon en su contra; el comunicador falleci\u00f3 posteriormente a causa de la gravedad de las lesiones.<\/p>\n\n\n\n<p class=\"wp-block-paragraph\"><strong>Antecedentes de amenazas e inestabilidad local<\/strong><\/p>\n\n\n\n<p class=\"wp-block-paragraph\">El organismo regional en defensa de la libertad de expresi\u00f3n record\u00f3 que, seg\u00fan los registros p\u00fablicos y publicaciones del propio Z\u00fa\u00f1iga Rosas en redes sociales, el comunicador hab\u00eda denunciado intimidaciones desde el pasado mes de mayo. Las advertencias surgieron tras la difusi\u00f3n de fotograf\u00edas, reportes sobre asuntos de inter\u00e9s local y se\u00f1alamientos cr\u00edticos hacia la administraci\u00f3n municipal, en los cuales se le exig\u00eda cesar el abordaje de temas pol\u00edticos.<\/p>\n\n\n\n<p class=\"wp-block-paragraph\">Martha Ramos, presidenta de la Comisi\u00f3n de Libertad de Prensa e Informaci\u00f3n de la SIP y directiva de la Organizaci\u00f3n Editorial Mexicana (OEM), inst\u00f3 a las instancias estatales y federales a coordinar una indagatoria diligente para sancionar tanto a los autores materiales como intelectuales.<\/p>\n\n\n\n<blockquote class=\"wp-block-quote is-layout-flow wp-block-quote-is-layout-flow\">\n<p class=\"wp-block-paragraph\"><em>\u00abInstamos a las autoridades federales y estatales a realizar una investigaci\u00f3n diligente y exhaustiva del asesinato de Z\u00fa\u00f1iga Rosas. Es indispensable establecer si su asesinato estuvo relacionado con su trabajo informativo y esclarecer qui\u00e9nes fueron los responsables materiales e intelectuales\u00bb<\/em>, enfatiz\u00f3 Ramos.<\/p>\n<\/blockquote>\n\n\n\n<p class=\"wp-block-paragraph\"><strong>Aumento de agresiones contra la prensa<\/strong><\/p>\n\n\n\n<p class=\"wp-block-paragraph\">La SIP advirti\u00f3 sobre el impacto del clima de impunidad en el pa\u00eds, se\u00f1al\u00e1ndolo como uno de los factores determinantes que perpet\u00faan las agresiones hacia periodistas y generadores de contenido.<\/p>\n\n\n\n<p class=\"wp-block-paragraph\">Seg\u00fan los registros del organismo, el homicidio de Z\u00fa\u00f1iga Rosas se suma a otros casos de agresiones mortales contra comunicadores acontecidos en lo que va del a\u00f1o:<\/p>\n\n\n\n<ul class=\"wp-block-list\">\n<li><strong>Francisco Alejandro Leyva Aguilar<\/strong>, asesinado el 22 de julio en Oaxaca.<\/li>\n\n\n\n<li><strong>Josu\u00e9 Mart\u00ednez Contreras<\/strong>, asesinado el 16 de julio en Puebla.<\/li>\n\n\n\n<li><strong>Carlos Castro<\/strong>, cuyo homicidio ocurri\u00f3 el 8 de enero.<\/li>\n<\/ul>\n\n\n\n<p class=\"wp-block-paragraph\">Finalmente, la organizaci\u00f3n reiter\u00f3 que los ataques ejercidos contra quienes realizan labores informativas representan un atentado directo contra el ejercicio de la libertad de prensa y vulneran el derecho de la ciudadan\u00eda a mantenerse informada.<\/p>\n","protected":false},"excerpt":{"rendered":"<p>La Sociedad Interamericana de Prensa (SIP) conden\u00f3 el asesinato del fot\u00f3grafo y creador de contenido Ricardo Z\u00fa\u00f1iga Rosas, registrado el pasado 29 de agosto en el municipio de Tehuitzingo, Puebla. Ante estos hechos, la organizaci\u00f3n exigi\u00f3 a las autoridades una investigaci\u00f3n pronta, exhaustiva y efectiva que no descarte su actividad informativa como el m\u00f3vil principal [&hellip;]<\/p>\n","protected":false},"author":1,"featured_media":92058,"comment_status":"open","ping_status":"open","sticky":false,"template":"","format":"standard","meta":{"om_disable_all_campaigns":false,"_monsterinsights_skip_tracking":false,"footnotes":""},"categories":[5],"tags":[],"class_list":["post-92056","post","type-post","status-publish","format-standard","has-post-thumbnail","hentry","category-politica"],"amp_enabled":true,"_links":{"self":[{"href":"https:\/\/lahora.mx\/index.php\/wp-json\/wp\/v2\/posts\/92056","targetHints":{"allow":["GET"]}}],"collection":[{"href":"https:\/\/lahora.mx\/index.php\/wp-json\/wp\/v2\/posts"}],"about":[{"href":"https:\/\/lahora.mx\/index.php\/wp-json\/wp\/v2\/types\/post"}],"author":[{"embeddable":true,"href":"https:\/\/lahora.mx\/index.php\/wp-json\/wp\/v2\/users\/1"}],"replies":[{"embeddable":true,"href":"https:\/\/lahora.mx\/index.php\/wp-json\/wp\/v2\/comments?post=92056"}],"version-history":[{"count":1,"href":"https:\/\/lahora.mx\/index.php\/wp-json\/wp\/v2\/posts\/92056\/revisions"}],"predecessor-version":[{"id":92059,"href":"https:\/\/lahora.mx\/index.php\/wp-json\/wp\/v2\/posts\/92056\/revisions\/92059"}],"wp:featuredmedia":[{"embeddable":true,"href":"https:\/\/lahora.mx\/index.php\/wp-json\/wp\/v2\/media\/92058"}],"wp:attachment":[{"href":"https:\/\/lahora.mx\/index.php\/wp-json\/wp\/v2\/media?parent=92056"}],"wp:term":[{"taxonomy":"category","embeddable":true,"href":"https:\/\/lahora.mx\/index.php\/wp-json\/wp\/v2\/categories?post=92056"},{"taxonomy":"post_tag","embeddable":true,"href":"https:\/\/lahora.mx\/index.php\/wp-json\/wp\/v2\/tags?post=92056"}],"curies":[{"name":"wp","href":"https:\/\/api.w.org\/{rel}","templated":true}]}}