{"id":92050,"date":"2026-09-01T21:56:48","date_gmt":"2026-09-02T03:56:48","guid":{"rendered":"https:\/\/lahora.mx\/?p=92050"},"modified":"2026-09-01T22:03:29","modified_gmt":"2026-09-02T04:03:29","slug":"puebla-ofrece-4-mil-vacantes-tras-recorte-de-personal-en-la-planta-de-volkswagen","status":"publish","type":"post","link":"https:\/\/lahora.mx\/index.php\/2026\/09\/01\/puebla-ofrece-4-mil-vacantes-tras-recorte-de-personal-en-la-planta-de-volkswagen\/","title":{"rendered":"Puebla ofrece 4 mil vacantes tras recorte de personal en la planta de Volkswagen"},"content":{"rendered":"\n<p class=\"wp-block-paragraph\"><\/p>\n\n\n\n<p class=\"wp-block-paragraph\"><strong>PUEBLA, Pue.<\/strong> \u2014 El Gobierno del Estado de Puebla activ\u00f3 una estrategia de contenci\u00f3n laboral mediante la cual gestiona 4 mil vacantes en el sector privado para absorber a los trabajadores afectados por el reciente reajuste en la planta armadora de Volkswagen de M\u00e9xico. La medida se da en respuesta a la eliminaci\u00f3n indefinida de un turno de producci\u00f3n en la factor\u00eda de Cuautlancingo, decisi\u00f3n de la firma automotriz que dej\u00f3 sin empleo a m\u00e1s de mil 350 operarios.<\/p>\n\n\n\n<p class=\"wp-block-paragraph\">La Secretar\u00eda de Econom\u00eda estatal inform\u00f3 que los puestos de trabajo disponibles provienen de empresas afiliadas a organismos del sector productivo, como el Consejo Coordinador Empresarial (CCE) y la Confederaci\u00f3n Patronal de la Rep\u00fablica Mexicana (Coparmex) en Puebla. Asimismo, las autoridades prev\u00e9n canalizar parte del perfil t\u00e9cnico del personal hacia el nuevo Polo de Desarrollo Econ\u00f3mico para el Bienestar, un complejo industrial de m\u00e1s de 200 hect\u00e1reas enfocado en el desarrollo tecnol\u00f3gico e industrial de la regi\u00f3n.<\/p>\n\n\n\n<p class=\"wp-block-paragraph\">El ajuste operativo de la compa\u00f1\u00eda alemana impact\u00f3 de manera directa al segmento encargado del ensamble de los modelos Jetta y Tiguan. Ante la cancelaci\u00f3n de este turno, el Sindicato Independiente de Trabajadores de la Industria Automotriz Volkswagen (SITIAVW) hizo un llamado a los operarios a no firmar sus bajas laborales con el fin de entablar negociaciones, defender los derechos colectivos y solicitar tanto al sector patronal como a las autoridades gubernamentales corresponsabilidad social ante el impacto socioecon\u00f3mico.<\/p>\n\n\n\n<p class=\"wp-block-paragraph\">A la par de la bolsa de empleo, la administraci\u00f3n estatal alista la implementaci\u00f3n de un esquema de apoyo econ\u00f3mico transitorio destinado a las familias de los obreros dados de baja. De igual forma, el gobierno estatal confirm\u00f3 que se mantendr\u00e1n vigentes los incentivos fiscales hacia la firma automotriz, equivalentes al 2.5% del Impuesto Sobre N\u00f3mina (ISN), monto estimado en aproximadamente 205 millones de pesos para el ejercicio fiscal 2026.<\/p>\n\n\n\n<p class=\"wp-block-paragraph\">Las autoridades laborales de la entidad y la representaci\u00f3n sindical establecieron mesas de atenci\u00f3n directas para coordinar la vinculaci\u00f3n de los exempleados con las empresas ofertantes, priorizando la reubicaci\u00f3n en ramas industriales afines y en el sector autopartes de la entidad.<\/p>\n","protected":false},"excerpt":{"rendered":"<p>PUEBLA, Pue. \u2014 El Gobierno del Estado de Puebla activ\u00f3 una estrategia de contenci\u00f3n laboral mediante la cual gestiona 4 mil vacantes en el sector privado para absorber a los trabajadores afectados por el reciente reajuste en la planta armadora de Volkswagen de M\u00e9xico. La medida se da en respuesta a la eliminaci\u00f3n indefinida de [&hellip;]<\/p>\n","protected":false},"author":1,"featured_media":92052,"comment_status":"open","ping_status":"open","sticky":false,"template":"","format":"standard","meta":{"om_disable_all_campaigns":false,"_monsterinsights_skip_tracking":false,"footnotes":""},"categories":[175],"tags":[195,223],"class_list":["post-92050","post","type-post","status-publish","format-standard","has-post-thumbnail","hentry","category-local","tag-principal","tag-puebla"],"amp_enabled":true,"_links":{"self":[{"href":"https:\/\/lahora.mx\/index.php\/wp-json\/wp\/v2\/posts\/92050","targetHints":{"allow":["GET"]}}],"collection":[{"href":"https:\/\/lahora.mx\/index.php\/wp-json\/wp\/v2\/posts"}],"about":[{"href":"https:\/\/lahora.mx\/index.php\/wp-json\/wp\/v2\/types\/post"}],"author":[{"embeddable":true,"href":"https:\/\/lahora.mx\/index.php\/wp-json\/wp\/v2\/users\/1"}],"replies":[{"embeddable":true,"href":"https:\/\/lahora.mx\/index.php\/wp-json\/wp\/v2\/comments?post=92050"}],"version-history":[{"count":1,"href":"https:\/\/lahora.mx\/index.php\/wp-json\/wp\/v2\/posts\/92050\/revisions"}],"predecessor-version":[{"id":92051,"href":"https:\/\/lahora.mx\/index.php\/wp-json\/wp\/v2\/posts\/92050\/revisions\/92051"}],"wp:featuredmedia":[{"embeddable":true,"href":"https:\/\/lahora.mx\/index.php\/wp-json\/wp\/v2\/media\/92052"}],"wp:attachment":[{"href":"https:\/\/lahora.mx\/index.php\/wp-json\/wp\/v2\/media?parent=92050"}],"wp:term":[{"taxonomy":"category","embeddable":true,"href":"https:\/\/lahora.mx\/index.php\/wp-json\/wp\/v2\/categories?post=92050"},{"taxonomy":"post_tag","embeddable":true,"href":"https:\/\/lahora.mx\/index.php\/wp-json\/wp\/v2\/tags?post=92050"}],"curies":[{"name":"wp","href":"https:\/\/api.w.org\/{rel}","templated":true}]}}