{"id":92047,"date":"2026-09-01T20:27:03","date_gmt":"2026-09-02T02:27:03","guid":{"rendered":"https:\/\/lahora.mx\/?p=92047"},"modified":"2026-09-01T20:27:04","modified_gmt":"2026-09-02T02:27:04","slug":"impulsa-gobierno-del-estado-a-puebla-como-potencia-mezcalera-a-nivel-nacional-e-internacional","status":"publish","type":"post","link":"https:\/\/lahora.mx\/index.php\/2026\/09\/01\/impulsa-gobierno-del-estado-a-puebla-como-potencia-mezcalera-a-nivel-nacional-e-internacional\/","title":{"rendered":"Impulsa Gobierno del Estado a Puebla como potencia mezcalera a nivel nacional e internacional"},"content":{"rendered":"\n<p class=\"wp-block-paragraph\"><strong>PUEBLA, PUE.<\/strong> El Gobierno del Estado de Puebla fortaleci\u00f3 sus estrategias de desarrollo econ\u00f3mico y del campo al posicionar formalmente a la entidad como una potencia en la producci\u00f3n de mezcal de alta calidad, impulsando a las productoras y productores de la Mixteca y la Sierra Negra hacia mercados nacionales e internacionales.<\/p>\n\n\n\n<p class=\"wp-block-paragraph\">A trav\u00e9s de las dependencias estatales de desarrollo rural y econ\u00f3mico, se pusieron en marcha programas integrales de equipamiento, transferencia tecnol\u00f3gica, capacitaci\u00f3n t\u00e9cnica y certificaci\u00f3n de origen para palenques locales, beneficiando de forma directa a cientos de familias dedicadas al cultivo de agave en municipios con denominaci\u00f3n.<\/p>\n\n\n\n<p class=\"wp-block-paragraph\">Las autoridades gubernamentales destacaron que las variedades de mezcal poblano han obtenido un reconocimiento creciente en cert\u00e1menes internacionales gracias a sus procesos artesanales e innovadores, lo que ha permitido elevar el valor agregado del producto y consolidar la cadena de valor en las comunidades rurales.<\/p>\n\n\n\n<p class=\"wp-block-paragraph\">Con estas acciones, la administraci\u00f3n estatal reafirma su compromiso de continuar canalizando apoyos econ\u00f3micos y espacios de comercializaci\u00f3n para el sector agave-mezcal, promoviendo el arraigo comunitario, la generaci\u00f3n de empleos formales y la proyecci\u00f3n de Puebla como referente agroindustrial de M\u00e9xico.<\/p>\n","protected":false},"excerpt":{"rendered":"<p>PUEBLA, PUE. El Gobierno del Estado de Puebla fortaleci\u00f3 sus estrategias de desarrollo econ\u00f3mico y del campo al posicionar formalmente a la entidad como una potencia en la producci\u00f3n de mezcal de alta calidad, impulsando a las productoras y productores de la Mixteca y la Sierra Negra hacia mercados nacionales e internacionales. A trav\u00e9s de [&hellip;]<\/p>\n","protected":false},"author":1,"featured_media":92048,"comment_status":"open","ping_status":"open","sticky":false,"template":"","format":"standard","meta":{"om_disable_all_campaigns":false,"_monsterinsights_skip_tracking":false,"footnotes":""},"categories":[175],"tags":[223],"class_list":["post-92047","post","type-post","status-publish","format-standard","has-post-thumbnail","hentry","category-local","tag-puebla"],"amp_enabled":true,"_links":{"self":[{"href":"https:\/\/lahora.mx\/index.php\/wp-json\/wp\/v2\/posts\/92047","targetHints":{"allow":["GET"]}}],"collection":[{"href":"https:\/\/lahora.mx\/index.php\/wp-json\/wp\/v2\/posts"}],"about":[{"href":"https:\/\/lahora.mx\/index.php\/wp-json\/wp\/v2\/types\/post"}],"author":[{"embeddable":true,"href":"https:\/\/lahora.mx\/index.php\/wp-json\/wp\/v2\/users\/1"}],"replies":[{"embeddable":true,"href":"https:\/\/lahora.mx\/index.php\/wp-json\/wp\/v2\/comments?post=92047"}],"version-history":[{"count":1,"href":"https:\/\/lahora.mx\/index.php\/wp-json\/wp\/v2\/posts\/92047\/revisions"}],"predecessor-version":[{"id":92049,"href":"https:\/\/lahora.mx\/index.php\/wp-json\/wp\/v2\/posts\/92047\/revisions\/92049"}],"wp:featuredmedia":[{"embeddable":true,"href":"https:\/\/lahora.mx\/index.php\/wp-json\/wp\/v2\/media\/92048"}],"wp:attachment":[{"href":"https:\/\/lahora.mx\/index.php\/wp-json\/wp\/v2\/media?parent=92047"}],"wp:term":[{"taxonomy":"category","embeddable":true,"href":"https:\/\/lahora.mx\/index.php\/wp-json\/wp\/v2\/categories?post=92047"},{"taxonomy":"post_tag","embeddable":true,"href":"https:\/\/lahora.mx\/index.php\/wp-json\/wp\/v2\/tags?post=92047"}],"curies":[{"name":"wp","href":"https:\/\/api.w.org\/{rel}","templated":true}]}}