{"id":92044,"date":"2026-09-01T19:48:20","date_gmt":"2026-09-02T01:48:20","guid":{"rendered":"https:\/\/lahora.mx\/?p=92044"},"modified":"2026-09-01T19:49:03","modified_gmt":"2026-09-02T01:49:03","slug":"exige-pan-puebla-investigar-a-autoridades-municipales-en-demarcaciones-con-mayor-incidencia-de-huachigas","status":"publish","type":"post","link":"https:\/\/lahora.mx\/index.php\/2026\/09\/01\/exige-pan-puebla-investigar-a-autoridades-municipales-en-demarcaciones-con-mayor-incidencia-de-huachigas\/","title":{"rendered":"Exige PAN Puebla investigar a autoridades municipales en demarcaciones con mayor incidencia de huachigas"},"content":{"rendered":"\n<p class=\"wp-block-paragraph\"><strong>PUEBLA, PUE.<\/strong> La dirigencia estatal del Partido Acci\u00f3n Nacional (PAN) en Puebla emiti\u00f3 un pronunciamiento p\u00fablico para exigir a la Fiscal\u00eda General de la Rep\u00fablica (FGR) y a las autoridades de procuraci\u00f3n de justicia abrir carpetas de investigaci\u00f3n urgentes contra alcaldes y mandos policiales de los municipios que concentran los \u00edndices m\u00e1s altos de extracci\u00f3n ilegal de gas L.P., fen\u00f3meno conocido como \u00abhuachigas\u00bb.<\/p>\n\n\n\n<p class=\"wp-block-paragraph\">Los voceros del partido blanquiazul se\u00f1alaron que el incremento continuo en las tomas clandestinas localizadas en la franja del Tri\u00e1ngulo Rojo y la zona metropolitana sugiere una presunta omisi\u00f3n o connivencia de mandos locales con c\u00e9lulas del crimen organizado dedicadas al robo de hidrocarburos a las tuber\u00edas de Petr\u00f3leos Mexicanos (PEMEX).<\/p>\n\n\n\n<p class=\"wp-block-paragraph\">Desde la dirigencia panista enfatizaron que el combate a este delito del fuero federal no debe limitarse al aseguramiento de pipas o clausura de predios, sino que requiere auditar a las administraciones municipales para deslindar responsabilidades administrativas y penales sobre el uso de recursos y el desempe\u00f1o de los cuerpos de seguridad locales.<\/p>\n\n\n\n<p class=\"wp-block-paragraph\">Finalmente, el instituto pol\u00edtico urgi\u00f3 a la Federaci\u00f3n y al Gobierno del Estado a reforzar la presencia de las Fuerzas Armadas y la Guardia Nacional en los municipios de mayor riesgo, garantizando la protecci\u00f3n de las comunidades vulnerables frente a las operaciones y riesgos de explosi\u00f3n generados por el huachicol de gas.<\/p>\n","protected":false},"excerpt":{"rendered":"<p>PUEBLA, PUE. La dirigencia estatal del Partido Acci\u00f3n Nacional (PAN) en Puebla emiti\u00f3 un pronunciamiento p\u00fablico para exigir a la Fiscal\u00eda General de la Rep\u00fablica (FGR) y a las autoridades de procuraci\u00f3n de justicia abrir carpetas de investigaci\u00f3n urgentes contra alcaldes y mandos policiales de los municipios que concentran los \u00edndices m\u00e1s altos de extracci\u00f3n [&hellip;]<\/p>\n","protected":false},"author":1,"featured_media":92045,"comment_status":"open","ping_status":"open","sticky":false,"template":"","format":"standard","meta":{"om_disable_all_campaigns":false,"_monsterinsights_skip_tracking":false,"footnotes":""},"categories":[5],"tags":[],"class_list":["post-92044","post","type-post","status-publish","format-standard","has-post-thumbnail","hentry","category-politica"],"amp_enabled":true,"_links":{"self":[{"href":"https:\/\/lahora.mx\/index.php\/wp-json\/wp\/v2\/posts\/92044","targetHints":{"allow":["GET"]}}],"collection":[{"href":"https:\/\/lahora.mx\/index.php\/wp-json\/wp\/v2\/posts"}],"about":[{"href":"https:\/\/lahora.mx\/index.php\/wp-json\/wp\/v2\/types\/post"}],"author":[{"embeddable":true,"href":"https:\/\/lahora.mx\/index.php\/wp-json\/wp\/v2\/users\/1"}],"replies":[{"embeddable":true,"href":"https:\/\/lahora.mx\/index.php\/wp-json\/wp\/v2\/comments?post=92044"}],"version-history":[{"count":1,"href":"https:\/\/lahora.mx\/index.php\/wp-json\/wp\/v2\/posts\/92044\/revisions"}],"predecessor-version":[{"id":92046,"href":"https:\/\/lahora.mx\/index.php\/wp-json\/wp\/v2\/posts\/92044\/revisions\/92046"}],"wp:featuredmedia":[{"embeddable":true,"href":"https:\/\/lahora.mx\/index.php\/wp-json\/wp\/v2\/media\/92045"}],"wp:attachment":[{"href":"https:\/\/lahora.mx\/index.php\/wp-json\/wp\/v2\/media?parent=92044"}],"wp:term":[{"taxonomy":"category","embeddable":true,"href":"https:\/\/lahora.mx\/index.php\/wp-json\/wp\/v2\/categories?post=92044"},{"taxonomy":"post_tag","embeddable":true,"href":"https:\/\/lahora.mx\/index.php\/wp-json\/wp\/v2\/tags?post=92044"}],"curies":[{"name":"wp","href":"https:\/\/api.w.org\/{rel}","templated":true}]}}