{"id":92041,"date":"2026-09-01T19:38:20","date_gmt":"2026-09-02T01:38:20","guid":{"rendered":"https:\/\/lahora.mx\/?p=92041"},"modified":"2026-09-01T19:38:22","modified_gmt":"2026-09-02T01:38:22","slug":"implementaran-ley-seca-en-puebla-los-dias-15-y-16-de-septiembre-por-festejos-patrios","status":"publish","type":"post","link":"https:\/\/lahora.mx\/index.php\/2026\/09\/01\/implementaran-ley-seca-en-puebla-los-dias-15-y-16-de-septiembre-por-festejos-patrios\/","title":{"rendered":"Implementar\u00e1n Ley Seca en Puebla los d\u00edas 15 y 16 de septiembre por festejos patrios"},"content":{"rendered":"\n<p class=\"wp-block-paragraph\"><strong>PUEBLA, PUE.<\/strong> Con el objetivo de garantizar la tranquilidad y el orden p\u00fablico durante las celebraciones conmemorativas de la Independencia de M\u00e9xico, autoridades locales confirmaron la aplicaci\u00f3n del esquema de Ley Seca, el cual prohibir\u00e1 de manera estricta la venta y consumo de bebidas alcoh\u00f3licas durante los d\u00edas 15 y 16 de septiembre en la capital poblana.<\/p>\n\n\n\n<p class=\"wp-block-paragraph\">La medida administrativa aplicar\u00e1 para establecimientos comerciales de diversos giros, incluyendo tiendas de conveniencia, miscel\u00e1neas, dep\u00f3sitos, supermercados, as\u00ed como restaurantes y bares que no cuenten con las licencias correspondientes o que pretendan comercializar alcohol fuera de los horarios permitidos durante la jornada festiva.<\/p>\n\n\n\n<p class=\"wp-block-paragraph\">Las autoridades de la Unidad Normativa y la Secretar\u00eda de Seguridad Ciudadana informaron que desplegar\u00e1n operativos de supervisi\u00f3n en las 17 juntas auxiliares y el centro hist\u00f3rico del municipio para vigilar el cumplimiento irrestricto del decreto, advirtiendo que los negocios que incumplan la norma ser\u00e1n acreedores a clausuras temporales y sanciones econ\u00f3micas.<\/p>\n\n\n\n<p class=\"wp-block-paragraph\">Finalmente, el gobierno municipal hizo un llamado a la ciudadan\u00eda y al sector empresarial a colaborar activamente con estas disposiciones normativas, con el fin de asegurar que el desarrollo de los actos c\u00edvicos y los festejos patrios se lleven a cabo en un entorno familiar, seguro y de convivencia pac\u00edfica.<\/p>\n","protected":false},"excerpt":{"rendered":"<p>PUEBLA, PUE. Con el objetivo de garantizar la tranquilidad y el orden p\u00fablico durante las celebraciones conmemorativas de la Independencia de M\u00e9xico, autoridades locales confirmaron la aplicaci\u00f3n del esquema de Ley Seca, el cual prohibir\u00e1 de manera estricta la venta y consumo de bebidas alcoh\u00f3licas durante los d\u00edas 15 y 16 de septiembre en la [&hellip;]<\/p>\n","protected":false},"author":1,"featured_media":92042,"comment_status":"open","ping_status":"open","sticky":false,"template":"","format":"standard","meta":{"om_disable_all_campaigns":false,"_monsterinsights_skip_tracking":false,"footnotes":""},"categories":[175],"tags":[195,223],"class_list":["post-92041","post","type-post","status-publish","format-standard","has-post-thumbnail","hentry","category-local","tag-principal","tag-puebla"],"amp_enabled":true,"_links":{"self":[{"href":"https:\/\/lahora.mx\/index.php\/wp-json\/wp\/v2\/posts\/92041","targetHints":{"allow":["GET"]}}],"collection":[{"href":"https:\/\/lahora.mx\/index.php\/wp-json\/wp\/v2\/posts"}],"about":[{"href":"https:\/\/lahora.mx\/index.php\/wp-json\/wp\/v2\/types\/post"}],"author":[{"embeddable":true,"href":"https:\/\/lahora.mx\/index.php\/wp-json\/wp\/v2\/users\/1"}],"replies":[{"embeddable":true,"href":"https:\/\/lahora.mx\/index.php\/wp-json\/wp\/v2\/comments?post=92041"}],"version-history":[{"count":1,"href":"https:\/\/lahora.mx\/index.php\/wp-json\/wp\/v2\/posts\/92041\/revisions"}],"predecessor-version":[{"id":92043,"href":"https:\/\/lahora.mx\/index.php\/wp-json\/wp\/v2\/posts\/92041\/revisions\/92043"}],"wp:featuredmedia":[{"embeddable":true,"href":"https:\/\/lahora.mx\/index.php\/wp-json\/wp\/v2\/media\/92042"}],"wp:attachment":[{"href":"https:\/\/lahora.mx\/index.php\/wp-json\/wp\/v2\/media?parent=92041"}],"wp:term":[{"taxonomy":"category","embeddable":true,"href":"https:\/\/lahora.mx\/index.php\/wp-json\/wp\/v2\/categories?post=92041"},{"taxonomy":"post_tag","embeddable":true,"href":"https:\/\/lahora.mx\/index.php\/wp-json\/wp\/v2\/tags?post=92041"}],"curies":[{"name":"wp","href":"https:\/\/api.w.org\/{rel}","templated":true}]}}