{"id":92038,"date":"2026-09-01T17:32:12","date_gmt":"2026-09-01T23:32:12","guid":{"rendered":"https:\/\/lahora.mx\/?p=92038"},"modified":"2026-09-01T17:32:13","modified_gmt":"2026-09-01T23:32:13","slug":"conmociona-a-tenampulco-hallazgo-de-dos-mujeres-sin-vida-investigan-doble-feminicidio","status":"publish","type":"post","link":"https:\/\/lahora.mx\/index.php\/2026\/09\/01\/conmociona-a-tenampulco-hallazgo-de-dos-mujeres-sin-vida-investigan-doble-feminicidio\/","title":{"rendered":"Conmociona a Tenampulco hallazgo de dos mujeres sin vida; investigan doble feminicidio"},"content":{"rendered":"\n<p class=\"wp-block-paragraph\"><strong>TENAMPULCO, PUE.<\/strong> La localizaci\u00f3n sin vida de dos mujeres con visibles huellas de violencia provoc\u00f3 consternaci\u00f3n entre los habitantes de Tenampulco, donde la Fiscal\u00eda General del Estado (FGE) inici\u00f3 de inmediato los protocolos de investigaci\u00f3n bajo la perspectiva de g\u00e9nero para esclarecer lo que se perfila como un doble feminicidio.<\/p>\n\n\n\n<p class=\"wp-block-paragraph\">El hallazgo se registr\u00f3 en una zona despoblada del municipio, luego de que pobladores locales alertaron a los n\u00fameros de emergencia sobre la presencia de los cuerpos. Elementos de la Polic\u00eda Municipal y corporaciones estatales acudieron como primeros respondientes para acordonar la escena y preservar los indicios periciales.<\/p>\n\n\n\n<p class=\"wp-block-paragraph\">Personal del Instituto de Ciencias Forenses y agentes de la Fiscal\u00eda Especializada en Investigaci\u00f3n de Delitos de G\u00e9nero realizaron el levantamiento de los restos e iniciaron las primeras indagatorias en el sitio para lograr la identificaci\u00f3n formal de las v\u00edctimas y determinar las causas precisas de su fallecimiento.<\/p>\n\n\n\n<p class=\"wp-block-paragraph\">La comunidad de Tenampulco y colectivos de la regi\u00f3n nororiental exigieron celeridad en las investigaciones y el despliegue de operativos de b\u00fasqueda que permitan dar con los responsables de este crimen, solicitando a las autoridades estatales reforzar las medidas de seguridad para erradicar la violencia contra las mujeres en la zona.<\/p>\n","protected":false},"excerpt":{"rendered":"<p>TENAMPULCO, PUE. La localizaci\u00f3n sin vida de dos mujeres con visibles huellas de violencia provoc\u00f3 consternaci\u00f3n entre los habitantes de Tenampulco, donde la Fiscal\u00eda General del Estado (FGE) inici\u00f3 de inmediato los protocolos de investigaci\u00f3n bajo la perspectiva de g\u00e9nero para esclarecer lo que se perfila como un doble feminicidio. El hallazgo se registr\u00f3 en [&hellip;]<\/p>\n","protected":false},"author":1,"featured_media":92039,"comment_status":"open","ping_status":"open","sticky":false,"template":"","format":"standard","meta":{"om_disable_all_campaigns":false,"_monsterinsights_skip_tracking":false,"footnotes":""},"categories":[226],"tags":[],"class_list":["post-92038","post","type-post","status-publish","format-standard","has-post-thumbnail","hentry","category-policia"],"amp_enabled":true,"_links":{"self":[{"href":"https:\/\/lahora.mx\/index.php\/wp-json\/wp\/v2\/posts\/92038","targetHints":{"allow":["GET"]}}],"collection":[{"href":"https:\/\/lahora.mx\/index.php\/wp-json\/wp\/v2\/posts"}],"about":[{"href":"https:\/\/lahora.mx\/index.php\/wp-json\/wp\/v2\/types\/post"}],"author":[{"embeddable":true,"href":"https:\/\/lahora.mx\/index.php\/wp-json\/wp\/v2\/users\/1"}],"replies":[{"embeddable":true,"href":"https:\/\/lahora.mx\/index.php\/wp-json\/wp\/v2\/comments?post=92038"}],"version-history":[{"count":1,"href":"https:\/\/lahora.mx\/index.php\/wp-json\/wp\/v2\/posts\/92038\/revisions"}],"predecessor-version":[{"id":92040,"href":"https:\/\/lahora.mx\/index.php\/wp-json\/wp\/v2\/posts\/92038\/revisions\/92040"}],"wp:featuredmedia":[{"embeddable":true,"href":"https:\/\/lahora.mx\/index.php\/wp-json\/wp\/v2\/media\/92039"}],"wp:attachment":[{"href":"https:\/\/lahora.mx\/index.php\/wp-json\/wp\/v2\/media?parent=92038"}],"wp:term":[{"taxonomy":"category","embeddable":true,"href":"https:\/\/lahora.mx\/index.php\/wp-json\/wp\/v2\/categories?post=92038"},{"taxonomy":"post_tag","embeddable":true,"href":"https:\/\/lahora.mx\/index.php\/wp-json\/wp\/v2\/tags?post=92038"}],"curies":[{"name":"wp","href":"https:\/\/api.w.org\/{rel}","templated":true}]}}