{"id":92035,"date":"2026-09-01T17:26:27","date_gmt":"2026-09-01T23:26:27","guid":{"rendered":"https:\/\/lahora.mx\/?p=92035"},"modified":"2026-09-01T17:26:28","modified_gmt":"2026-09-01T23:26:28","slug":"egresado-de-la-buap-es-seleccionado-para-participar-en-el-international-air-and-space-program-de-la-nasa","status":"publish","type":"post","link":"https:\/\/lahora.mx\/index.php\/2026\/09\/01\/egresado-de-la-buap-es-seleccionado-para-participar-en-el-international-air-and-space-program-de-la-nasa\/","title":{"rendered":"Egresado de la BUAP es seleccionado para participar en el International Air and Space Program de la NASA"},"content":{"rendered":"\n<p class=\"wp-block-paragraph\"><strong>PUEBLA, PUE.<\/strong> Un talentoso egresado de la Benem\u00e9rita Universidad Aut\u00f3noma de Puebla (BUAP) fue seleccionado entre j\u00f3venes de distintos pa\u00edses para participar en la edici\u00f3n del International Air and Space Program (IASP), desarrollado por la empresa AEXA en instalaciones del Centro Espacial Rocket Center de la NASA en Estados Unidos.<\/p>\n\n\n\n<p class=\"wp-block-paragraph\">El universitario poblano super\u00f3 un riguroso proceso de selecci\u00f3n t\u00e9cnica y acad\u00e9mica gracias a una propuesta de investigaci\u00f3n orientada al desarrollo e innovaci\u00f3n en el sector aeroespacial, lo que le otorg\u00f3 el boleto para entrenar junto a ingenieros y expertos internacionales en misiones simuladas de vuelo y exploraci\u00f3n astron\u00f3mica.<\/p>\n\n\n\n<p class=\"wp-block-paragraph\">Durante su estancia en el programa intensivo, el joven profesionista trabajar\u00e1 en el dise\u00f1o de soluciones a problem\u00e1ticas reales que enfrentan las misiones espaciales contempor\u00e1neas, representando a la m\u00e1xima casa de estudios de Puebla y al talento cient\u00edfico de M\u00e9xico en una plataforma de trascendencia mundial.<\/p>\n\n\n\n<p class=\"wp-block-paragraph\">La comunidad acad\u00e9mica de la BUAP celebr\u00f3 el logro del profesionista, destacando que su participaci\u00f3n en este programa de clase mundial es reflejo de la alta calidad en la formaci\u00f3n cient\u00edfica de las aulas universitarias poblanas e inspirando a nuevas generaciones de estudiantes a incorporarse al campo de la ingenier\u00eda espacial.<\/p>\n","protected":false},"excerpt":{"rendered":"<p>PUEBLA, PUE. Un talentoso egresado de la Benem\u00e9rita Universidad Aut\u00f3noma de Puebla (BUAP) fue seleccionado entre j\u00f3venes de distintos pa\u00edses para participar en la edici\u00f3n del International Air and Space Program (IASP), desarrollado por la empresa AEXA en instalaciones del Centro Espacial Rocket Center de la NASA en Estados Unidos. El universitario poblano super\u00f3 un [&hellip;]<\/p>\n","protected":false},"author":1,"featured_media":92036,"comment_status":"open","ping_status":"open","sticky":false,"template":"","format":"standard","meta":{"om_disable_all_campaigns":false,"_monsterinsights_skip_tracking":false,"footnotes":""},"categories":[175],"tags":[186,223],"class_list":["post-92035","post","type-post","status-publish","format-standard","has-post-thumbnail","hentry","category-local","tag-buap","tag-puebla"],"amp_enabled":true,"_links":{"self":[{"href":"https:\/\/lahora.mx\/index.php\/wp-json\/wp\/v2\/posts\/92035","targetHints":{"allow":["GET"]}}],"collection":[{"href":"https:\/\/lahora.mx\/index.php\/wp-json\/wp\/v2\/posts"}],"about":[{"href":"https:\/\/lahora.mx\/index.php\/wp-json\/wp\/v2\/types\/post"}],"author":[{"embeddable":true,"href":"https:\/\/lahora.mx\/index.php\/wp-json\/wp\/v2\/users\/1"}],"replies":[{"embeddable":true,"href":"https:\/\/lahora.mx\/index.php\/wp-json\/wp\/v2\/comments?post=92035"}],"version-history":[{"count":1,"href":"https:\/\/lahora.mx\/index.php\/wp-json\/wp\/v2\/posts\/92035\/revisions"}],"predecessor-version":[{"id":92037,"href":"https:\/\/lahora.mx\/index.php\/wp-json\/wp\/v2\/posts\/92035\/revisions\/92037"}],"wp:featuredmedia":[{"embeddable":true,"href":"https:\/\/lahora.mx\/index.php\/wp-json\/wp\/v2\/media\/92036"}],"wp:attachment":[{"href":"https:\/\/lahora.mx\/index.php\/wp-json\/wp\/v2\/media?parent=92035"}],"wp:term":[{"taxonomy":"category","embeddable":true,"href":"https:\/\/lahora.mx\/index.php\/wp-json\/wp\/v2\/categories?post=92035"},{"taxonomy":"post_tag","embeddable":true,"href":"https:\/\/lahora.mx\/index.php\/wp-json\/wp\/v2\/tags?post=92035"}],"curies":[{"name":"wp","href":"https:\/\/api.w.org\/{rel}","templated":true}]}}