{"id":92032,"date":"2026-09-01T17:22:40","date_gmt":"2026-09-01T23:22:40","guid":{"rendered":"https:\/\/lahora.mx\/?p=92032"},"modified":"2026-09-01T17:22:41","modified_gmt":"2026-09-01T23:22:41","slug":"persisten-acumulacion-de-basura-y-montoneras-en-atlixco-a-pesar-de-nuevas-rutas-y-aplicacion-digital","status":"publish","type":"post","link":"https:\/\/lahora.mx\/index.php\/2026\/09\/01\/persisten-acumulacion-de-basura-y-montoneras-en-atlixco-a-pesar-de-nuevas-rutas-y-aplicacion-digital\/","title":{"rendered":"Persisten acumulaci\u00f3n de basura y montoneras en Atlixco a pesar de nuevas rutas y aplicaci\u00f3n digital"},"content":{"rendered":"\n<p class=\"wp-block-paragraph\"><strong>ATLIXCO, PUE.<\/strong> Pese a la implementaci\u00f3n de nuevas rutas de recolecci\u00f3n y la puesta en marcha de una aplicaci\u00f3n digital orientada a optimizar el servicio de limpia, habitantes de diversas colonias y del centro hist\u00f3rico de Atlixco denunciaron que la acumulaci\u00f3n de desechos s\u00f3lidos y montoneras de basura contin\u00faan registr\u00e1ndose en la v\u00eda p\u00fablica.<\/p>\n\n\n\n<p class=\"wp-block-paragraph\">Vecinos de distintas demarcaciones se\u00f1alaron que los camiones recolectores no han cumplido de forma regular con los horarios prefijados en la plataforma m\u00f3vil, lo que provoca que los ciudadanos saquen los residuos a las esquinas en horarios inadecuados, derivando en puntos de infecci\u00f3n y mala imagen urbana.<\/p>\n\n\n\n<p class=\"wp-block-paragraph\">Comerciantes del municipio urgieron a las autoridades locales a reforzar las tareas del \u00e1rea de Servicios P\u00fablicos y regularizar las frecuencias de paso, al tiempo que solicitaron emprender campa\u00f1as de concientizaci\u00f3n ciudadana y sanciones efectivas para quienes arrojen basura en banquetas o camellones.<\/p>\n\n\n\n<p class=\"wp-block-paragraph\">Por su parte, el Ayuntamiento local inform\u00f3 que se encuentra realizando ajustes t\u00e9cnicos en las unidades de recolecci\u00f3n y monitoreando el desempe\u00f1o de la aplicaci\u00f3n digital, con el objetivo de normalizar las frecuencias de cobertura y evitar la generaci\u00f3n de tiraderos clandestinos en el municipio.<\/p>\n","protected":false},"excerpt":{"rendered":"<p>ATLIXCO, PUE. Pese a la implementaci\u00f3n de nuevas rutas de recolecci\u00f3n y la puesta en marcha de una aplicaci\u00f3n digital orientada a optimizar el servicio de limpia, habitantes de diversas colonias y del centro hist\u00f3rico de Atlixco denunciaron que la acumulaci\u00f3n de desechos s\u00f3lidos y montoneras de basura contin\u00faan registr\u00e1ndose en la v\u00eda p\u00fablica. Vecinos [&hellip;]<\/p>\n","protected":false},"author":1,"featured_media":92033,"comment_status":"open","ping_status":"open","sticky":false,"template":"","format":"standard","meta":{"om_disable_all_campaigns":false,"_monsterinsights_skip_tracking":false,"footnotes":""},"categories":[175],"tags":[223],"class_list":["post-92032","post","type-post","status-publish","format-standard","has-post-thumbnail","hentry","category-local","tag-puebla"],"amp_enabled":true,"_links":{"self":[{"href":"https:\/\/lahora.mx\/index.php\/wp-json\/wp\/v2\/posts\/92032","targetHints":{"allow":["GET"]}}],"collection":[{"href":"https:\/\/lahora.mx\/index.php\/wp-json\/wp\/v2\/posts"}],"about":[{"href":"https:\/\/lahora.mx\/index.php\/wp-json\/wp\/v2\/types\/post"}],"author":[{"embeddable":true,"href":"https:\/\/lahora.mx\/index.php\/wp-json\/wp\/v2\/users\/1"}],"replies":[{"embeddable":true,"href":"https:\/\/lahora.mx\/index.php\/wp-json\/wp\/v2\/comments?post=92032"}],"version-history":[{"count":1,"href":"https:\/\/lahora.mx\/index.php\/wp-json\/wp\/v2\/posts\/92032\/revisions"}],"predecessor-version":[{"id":92034,"href":"https:\/\/lahora.mx\/index.php\/wp-json\/wp\/v2\/posts\/92032\/revisions\/92034"}],"wp:featuredmedia":[{"embeddable":true,"href":"https:\/\/lahora.mx\/index.php\/wp-json\/wp\/v2\/media\/92033"}],"wp:attachment":[{"href":"https:\/\/lahora.mx\/index.php\/wp-json\/wp\/v2\/media?parent=92032"}],"wp:term":[{"taxonomy":"category","embeddable":true,"href":"https:\/\/lahora.mx\/index.php\/wp-json\/wp\/v2\/categories?post=92032"},{"taxonomy":"post_tag","embeddable":true,"href":"https:\/\/lahora.mx\/index.php\/wp-json\/wp\/v2\/tags?post=92032"}],"curies":[{"name":"wp","href":"https:\/\/api.w.org\/{rel}","templated":true}]}}