{"id":92029,"date":"2026-09-01T17:04:01","date_gmt":"2026-09-01T23:04:01","guid":{"rendered":"https:\/\/lahora.mx\/?p=92029"},"modified":"2026-09-01T17:04:02","modified_gmt":"2026-09-01T23:04:02","slug":"califica-rector-de-la-ibero-puebla-como-una-verdadera-tragedia-despidos-masivos-en-volkswagen","status":"publish","type":"post","link":"https:\/\/lahora.mx\/index.php\/2026\/09\/01\/califica-rector-de-la-ibero-puebla-como-una-verdadera-tragedia-despidos-masivos-en-volkswagen\/","title":{"rendered":"Califica rector de la Ibero Puebla como una \u00abverdadera tragedia\u00bb despidos masivos en Volkswagen"},"content":{"rendered":"\n<p class=\"wp-block-paragraph\"><strong>PUEBLA, PUE.<\/strong> El rector de la Universidad Iberoamericana Puebla calific\u00f3 como una \u00abverdadera tragedia\u00bb econ\u00f3mica y social los despidos masivos registrados recientemente en la armadora automotriz Volkswagen de M\u00e9xico, se\u00f1alando que la generaci\u00f3n y preservaci\u00f3n del empleo digno se ha convertido en el principal reto para el desarrollo del estado.<\/p>\n\n\n\n<p class=\"wp-block-paragraph\">Durante un encuentro con medios e integrantes del sector acad\u00e9mico, la autoridad universitaria expres\u00f3 su preocupaci\u00f3n por el impacto colateral que el recorte de m\u00e1s de un millar de trabajadores generar\u00e1 en las familias poblanas, as\u00ed como el efecto domin\u00f3 que afectar\u00e1 a las peque\u00f1as y medianas empresas proveedoras que integran la cadena productiva local.<\/p>\n\n\n\n<p class=\"wp-block-paragraph\">El titular de la Ibero Puebla enfatiz\u00f3 que la p\u00e9rdida de puestos laborales en una de las firmas pivote del estado obliga a los actores gubernamentales, empresariales y a las instituciones de educaci\u00f3n superior a construir mesas de di\u00e1logo urgentes para replantear la pol\u00edtica de atracci\u00f3n de inversiones y protecci\u00f3n al trabajo formal.<\/p>\n\n\n\n<p class=\"wp-block-paragraph\">Finalmente, hizo un llamado a las autoridades del sector laboral para vigilar que las liquidaciones se liquiden con pleno apego a la ley, urgiendo a la implementaci\u00f3n de programas inmediatos de reconversi\u00f3n laboral, emprendimiento y reubicaci\u00f3n que permitan amortiguar el golpe a la econom\u00eda de las familias de los obreros afectados.<\/p>\n","protected":false},"excerpt":{"rendered":"<p>PUEBLA, PUE. El rector de la Universidad Iberoamericana Puebla calific\u00f3 como una \u00abverdadera tragedia\u00bb econ\u00f3mica y social los despidos masivos registrados recientemente en la armadora automotriz Volkswagen de M\u00e9xico, se\u00f1alando que la generaci\u00f3n y preservaci\u00f3n del empleo digno se ha convertido en el principal reto para el desarrollo del estado. Durante un encuentro con medios [&hellip;]<\/p>\n","protected":false},"author":1,"featured_media":92030,"comment_status":"open","ping_status":"open","sticky":false,"template":"","format":"standard","meta":{"om_disable_all_campaigns":false,"_monsterinsights_skip_tracking":false,"footnotes":""},"categories":[175],"tags":[223],"class_list":["post-92029","post","type-post","status-publish","format-standard","has-post-thumbnail","hentry","category-local","tag-puebla"],"amp_enabled":true,"_links":{"self":[{"href":"https:\/\/lahora.mx\/index.php\/wp-json\/wp\/v2\/posts\/92029","targetHints":{"allow":["GET"]}}],"collection":[{"href":"https:\/\/lahora.mx\/index.php\/wp-json\/wp\/v2\/posts"}],"about":[{"href":"https:\/\/lahora.mx\/index.php\/wp-json\/wp\/v2\/types\/post"}],"author":[{"embeddable":true,"href":"https:\/\/lahora.mx\/index.php\/wp-json\/wp\/v2\/users\/1"}],"replies":[{"embeddable":true,"href":"https:\/\/lahora.mx\/index.php\/wp-json\/wp\/v2\/comments?post=92029"}],"version-history":[{"count":1,"href":"https:\/\/lahora.mx\/index.php\/wp-json\/wp\/v2\/posts\/92029\/revisions"}],"predecessor-version":[{"id":92031,"href":"https:\/\/lahora.mx\/index.php\/wp-json\/wp\/v2\/posts\/92029\/revisions\/92031"}],"wp:featuredmedia":[{"embeddable":true,"href":"https:\/\/lahora.mx\/index.php\/wp-json\/wp\/v2\/media\/92030"}],"wp:attachment":[{"href":"https:\/\/lahora.mx\/index.php\/wp-json\/wp\/v2\/media?parent=92029"}],"wp:term":[{"taxonomy":"category","embeddable":true,"href":"https:\/\/lahora.mx\/index.php\/wp-json\/wp\/v2\/categories?post=92029"},{"taxonomy":"post_tag","embeddable":true,"href":"https:\/\/lahora.mx\/index.php\/wp-json\/wp\/v2\/tags?post=92029"}],"curies":[{"name":"wp","href":"https:\/\/api.w.org\/{rel}","templated":true}]}}