{"id":92026,"date":"2026-09-01T16:44:43","date_gmt":"2026-09-01T22:44:43","guid":{"rendered":"https:\/\/lahora.mx\/?p=92026"},"modified":"2026-09-01T16:44:44","modified_gmt":"2026-09-01T22:44:44","slug":"reubica-sep-a-25-alumnas-de-la-normal-de-teteles-tras-denuncias-de-maltrato-registran-52-bajas-en-el-plantel","status":"publish","type":"post","link":"https:\/\/lahora.mx\/index.php\/2026\/09\/01\/reubica-sep-a-25-alumnas-de-la-normal-de-teteles-tras-denuncias-de-maltrato-registran-52-bajas-en-el-plantel\/","title":{"rendered":"Reubica SEP a 25 alumnas de la Normal de T\u00e9teles tras denuncias de maltrato; registran 52 bajas en el plantel"},"content":{"rendered":"\n<p class=\"wp-block-paragraph\"><strong>PUEBLA, PUE.<\/strong> La Secretar\u00eda de Educaci\u00f3n P\u00fablica (SEP) del estado de Puebla determin\u00f3 la reubicaci\u00f3n inmediata de 25 estudiantes de la Escuela Normal Rural \u00abCarmen Serd\u00e1n\u00bb, ubicada en el municipio de T\u00e9teles de \u00c1vila Castillo, tras la radicaci\u00f3n de m\u00faltiples denuncias por situaciones de novatadas, hostigamiento y maltrato al interior de la instituci\u00f3n.<\/p>\n\n\n\n<p class=\"wp-block-paragraph\">La dependencia estatal confirm\u00f3 que con estas acciones el n\u00famero total de bajas y traslados solicitados por alumnas de este plantel asciende a 52 casos en el ciclo reciente, como respuesta a las investigaciones en curso que se\u00f1alan actos de coerci\u00f3n promovidos presuntamente por integrantes del consejo o comit\u00e9 estudiantil del internado.<\/p>\n\n\n\n<p class=\"wp-block-paragraph\">Autoridades educativas precisaron que la reubicaci\u00f3n se gestion\u00f3 hacia otras instituciones de formaci\u00f3n docente para salvaguardar la integridad f\u00edsica, emocional y el seguimiento acad\u00e9mico de las j\u00f3venes afectadas. Asimismo, se reiter\u00f3 que se mantienen activas las mesas de revisi\u00f3n administrativa para deslindar responsabilidades directas.<\/p>\n\n\n\n<p class=\"wp-block-paragraph\">El gobierno del estado enfatiz\u00f3 que no se tolerar\u00e1n conductas violentas ni novatadas que vulneren los derechos humanos de las normalistas, manteniendo el compromiso de sancionar administrativa y legalmente a quienes resulten responsables de estas pr\u00e1cticas al interior del inmueble educativo.<\/p>\n","protected":false},"excerpt":{"rendered":"<p>PUEBLA, PUE. La Secretar\u00eda de Educaci\u00f3n P\u00fablica (SEP) del estado de Puebla determin\u00f3 la reubicaci\u00f3n inmediata de 25 estudiantes de la Escuela Normal Rural \u00abCarmen Serd\u00e1n\u00bb, ubicada en el municipio de T\u00e9teles de \u00c1vila Castillo, tras la radicaci\u00f3n de m\u00faltiples denuncias por situaciones de novatadas, hostigamiento y maltrato al interior de la instituci\u00f3n. La dependencia [&hellip;]<\/p>\n","protected":false},"author":1,"featured_media":92027,"comment_status":"open","ping_status":"open","sticky":false,"template":"","format":"standard","meta":{"om_disable_all_campaigns":false,"_monsterinsights_skip_tracking":false,"footnotes":""},"categories":[175],"tags":[195,223],"class_list":["post-92026","post","type-post","status-publish","format-standard","has-post-thumbnail","hentry","category-local","tag-principal","tag-puebla"],"amp_enabled":true,"_links":{"self":[{"href":"https:\/\/lahora.mx\/index.php\/wp-json\/wp\/v2\/posts\/92026","targetHints":{"allow":["GET"]}}],"collection":[{"href":"https:\/\/lahora.mx\/index.php\/wp-json\/wp\/v2\/posts"}],"about":[{"href":"https:\/\/lahora.mx\/index.php\/wp-json\/wp\/v2\/types\/post"}],"author":[{"embeddable":true,"href":"https:\/\/lahora.mx\/index.php\/wp-json\/wp\/v2\/users\/1"}],"replies":[{"embeddable":true,"href":"https:\/\/lahora.mx\/index.php\/wp-json\/wp\/v2\/comments?post=92026"}],"version-history":[{"count":1,"href":"https:\/\/lahora.mx\/index.php\/wp-json\/wp\/v2\/posts\/92026\/revisions"}],"predecessor-version":[{"id":92028,"href":"https:\/\/lahora.mx\/index.php\/wp-json\/wp\/v2\/posts\/92026\/revisions\/92028"}],"wp:featuredmedia":[{"embeddable":true,"href":"https:\/\/lahora.mx\/index.php\/wp-json\/wp\/v2\/media\/92027"}],"wp:attachment":[{"href":"https:\/\/lahora.mx\/index.php\/wp-json\/wp\/v2\/media?parent=92026"}],"wp:term":[{"taxonomy":"category","embeddable":true,"href":"https:\/\/lahora.mx\/index.php\/wp-json\/wp\/v2\/categories?post=92026"},{"taxonomy":"post_tag","embeddable":true,"href":"https:\/\/lahora.mx\/index.php\/wp-json\/wp\/v2\/tags?post=92026"}],"curies":[{"name":"wp","href":"https:\/\/api.w.org\/{rel}","templated":true}]}}