{"id":92020,"date":"2026-09-01T16:40:24","date_gmt":"2026-09-01T22:40:24","guid":{"rendered":"https:\/\/lahora.mx\/?p=92020"},"modified":"2026-09-01T16:40:25","modified_gmt":"2026-09-01T22:40:25","slug":"pone-en-marcha-el-ine-la-campana-anual-intensa-de-credencializacion-2026-en-puebla","status":"publish","type":"post","link":"https:\/\/lahora.mx\/index.php\/2026\/09\/01\/pone-en-marcha-el-ine-la-campana-anual-intensa-de-credencializacion-2026-en-puebla\/","title":{"rendered":"Pone en marcha el INE la Campa\u00f1a Anual Intensa de Credencializaci\u00f3n 2026 en Puebla"},"content":{"rendered":"\n<p class=\"wp-block-paragraph\"><strong>PUEBLA, PUE.<\/strong> La Junta Local del Instituto Nacional Electoral (INE) en Puebla inici\u00f3 de manera oficial la Campa\u00f1a Anual Intensa de Credencializaci\u00f3n 2026, mediante la cual se reforzar\u00e1 la atenci\u00f3n en los M\u00f3dulos de Atenci\u00f3n Ciudadana (MAC) de toda la entidad para facilitar la inscripci\u00f3n, renovaci\u00f3n y actualizaci\u00f3n de la credencial para votar.<\/p>\n\n\n\n<p class=\"wp-block-paragraph\">Las autoridades electorales informaron que durante esta jornada intensiva se ampliar\u00e1n los horarios de atenci\u00f3n y el despliegue de m\u00f3dulos itinerantes en zonas rurales y de dif\u00edcil acceso. El objetivo prioritario es permitir que los j\u00f3venes que cumplen la mayor\u00eda de edad, as\u00ed como la ciudadan\u00eda que requiere correcci\u00f3n de datos o reposici\u00f3n por p\u00e9rdida de vigencia, puedan realizar sus tr\u00e1mites con agilidad.<\/p>\n\n\n\n<p class=\"wp-block-paragraph\">El \u00f3rgano electoral record\u00f3 a la poblaci\u00f3n la importancia de mantener actualizado su documento de identidad oficial, invitando a programar sus citas previas a trav\u00e9s del portal institucional o acudir directamente a los m\u00f3dulos fijos distribuidos en las principales cabeceras distritales del estado.<\/p>\n\n\n\n<p class=\"wp-block-paragraph\">Con la activaci\u00f3n de esta campa\u00f1a, el INE busca depurar y consolidar el Padr\u00f3n Electoral y la Lista Nominal de Electores en Puebla, garantizando el pleno ejercicio de los derechos pol\u00edtico-electorales de la ciudadan\u00eda de cara a los pr\u00f3ximos procesos c\u00edvicos de participaci\u00f3n ciudadana.<\/p>\n","protected":false},"excerpt":{"rendered":"<p>PUEBLA, PUE. La Junta Local del Instituto Nacional Electoral (INE) en Puebla inici\u00f3 de manera oficial la Campa\u00f1a Anual Intensa de Credencializaci\u00f3n 2026, mediante la cual se reforzar\u00e1 la atenci\u00f3n en los M\u00f3dulos de Atenci\u00f3n Ciudadana (MAC) de toda la entidad para facilitar la inscripci\u00f3n, renovaci\u00f3n y actualizaci\u00f3n de la credencial para votar. Las autoridades [&hellip;]<\/p>\n","protected":false},"author":1,"featured_media":92021,"comment_status":"open","ping_status":"open","sticky":false,"template":"","format":"standard","meta":{"om_disable_all_campaigns":false,"_monsterinsights_skip_tracking":false,"footnotes":""},"categories":[175],"tags":[128],"class_list":["post-92020","post","type-post","status-publish","format-standard","has-post-thumbnail","hentry","category-local","tag-politics"],"amp_enabled":true,"_links":{"self":[{"href":"https:\/\/lahora.mx\/index.php\/wp-json\/wp\/v2\/posts\/92020","targetHints":{"allow":["GET"]}}],"collection":[{"href":"https:\/\/lahora.mx\/index.php\/wp-json\/wp\/v2\/posts"}],"about":[{"href":"https:\/\/lahora.mx\/index.php\/wp-json\/wp\/v2\/types\/post"}],"author":[{"embeddable":true,"href":"https:\/\/lahora.mx\/index.php\/wp-json\/wp\/v2\/users\/1"}],"replies":[{"embeddable":true,"href":"https:\/\/lahora.mx\/index.php\/wp-json\/wp\/v2\/comments?post=92020"}],"version-history":[{"count":1,"href":"https:\/\/lahora.mx\/index.php\/wp-json\/wp\/v2\/posts\/92020\/revisions"}],"predecessor-version":[{"id":92022,"href":"https:\/\/lahora.mx\/index.php\/wp-json\/wp\/v2\/posts\/92020\/revisions\/92022"}],"wp:featuredmedia":[{"embeddable":true,"href":"https:\/\/lahora.mx\/index.php\/wp-json\/wp\/v2\/media\/92021"}],"wp:attachment":[{"href":"https:\/\/lahora.mx\/index.php\/wp-json\/wp\/v2\/media?parent=92020"}],"wp:term":[{"taxonomy":"category","embeddable":true,"href":"https:\/\/lahora.mx\/index.php\/wp-json\/wp\/v2\/categories?post=92020"},{"taxonomy":"post_tag","embeddable":true,"href":"https:\/\/lahora.mx\/index.php\/wp-json\/wp\/v2\/tags?post=92020"}],"curies":[{"name":"wp","href":"https:\/\/api.w.org\/{rel}","templated":true}]}}