{"id":92017,"date":"2026-09-01T15:31:11","date_gmt":"2026-09-01T21:31:11","guid":{"rendered":"https:\/\/lahora.mx\/?p=92017"},"modified":"2026-09-01T15:31:12","modified_gmt":"2026-09-01T21:31:12","slug":"reafirma-alejandro-armenta-que-el-hospital-del-imss-en-amozoc-sigue-siendo-prioridad-dependen-de-presupuesto-federal","status":"publish","type":"post","link":"https:\/\/lahora.mx\/index.php\/2026\/09\/01\/reafirma-alejandro-armenta-que-el-hospital-del-imss-en-amozoc-sigue-siendo-prioridad-dependen-de-presupuesto-federal\/","title":{"rendered":"Reafirma Alejandro Armenta que el Hospital del IMSS en Amozoc sigue siendo prioridad; dependen de presupuesto federal"},"content":{"rendered":"\n<p class=\"wp-block-paragraph\"><strong>PUEBLA, PUE.<\/strong> El gobernador del estado de Puebla, Alejandro Armenta Mier, ratific\u00f3 que la construcci\u00f3n del nuevo Hospital General de Zona del Instituto Mexicano del Seguro Social (IMSS) en el municipio de Amozoc se mantiene dentro del paquete de obras prioritarias para la entidad, precisando que la ejecuci\u00f3n formal del proyecto se encuentra a la espera de la asignaci\u00f3n presupuestal correspondiente por parte del Gobierno Federal.<\/p>\n\n\n\n<p class=\"wp-block-paragraph\">En un encuentro con medios de comunicaci\u00f3n, el mandatario estatal explic\u00f3 que, si bien la donaci\u00f3n del predio y las gestiones t\u00e9cnicas locales han avanzado de forma satisfactoria, la consolidaci\u00f3n de la obra f\u00edsica requiere la validaci\u00f3n de la suficiencia presupuestaria en el paquete econ\u00f3mico federal administrado por las autoridades centrales del IMSS.<\/p>\n\n\n\n<p class=\"wp-block-paragraph\">Armenta Mier enfatiz\u00f3 que la edificaci\u00f3n de este nosocomio resulta apremiante para desahogar la alta demanda de servicios m\u00e9dicos especializados en la zona metropolitana de Puebla, particularmente tras la saturaci\u00f3n e intervenciones estructurales en otros centros hospitalarios de la regi\u00f3n como la unidad m\u00e9dica de La Margarita.<\/p>\n\n\n\n<p class=\"wp-block-paragraph\">Finalmente, el titular del Ejecutivo estatal reiter\u00f3 que sostendr\u00e1 reuniones estrat\u00e9gicas con la direcci\u00f3n general del IMSS y la Secretar\u00eda de Hacienda para garantizar el respaldo financiero del proyecto, asegurando que su administraci\u00f3n dar\u00e1 seguimiento puntual para que los recursos queden etiquetados y se pueda dar inicio a la edificaci\u00f3n de este espacio de salud indispensable para las y los poblanos.<\/p>\n","protected":false},"excerpt":{"rendered":"<p>PUEBLA, PUE. El gobernador del estado de Puebla, Alejandro Armenta Mier, ratific\u00f3 que la construcci\u00f3n del nuevo Hospital General de Zona del Instituto Mexicano del Seguro Social (IMSS) en el municipio de Amozoc se mantiene dentro del paquete de obras prioritarias para la entidad, precisando que la ejecuci\u00f3n formal del proyecto se encuentra a la [&hellip;]<\/p>\n","protected":false},"author":1,"featured_media":92018,"comment_status":"open","ping_status":"open","sticky":false,"template":"","format":"standard","meta":{"om_disable_all_campaigns":false,"_monsterinsights_skip_tracking":false,"footnotes":""},"categories":[252],"tags":[239,223],"class_list":["post-92017","post","type-post","status-publish","format-standard","has-post-thumbnail","hentry","category-salud","tag-gobierno","tag-puebla"],"amp_enabled":true,"_links":{"self":[{"href":"https:\/\/lahora.mx\/index.php\/wp-json\/wp\/v2\/posts\/92017","targetHints":{"allow":["GET"]}}],"collection":[{"href":"https:\/\/lahora.mx\/index.php\/wp-json\/wp\/v2\/posts"}],"about":[{"href":"https:\/\/lahora.mx\/index.php\/wp-json\/wp\/v2\/types\/post"}],"author":[{"embeddable":true,"href":"https:\/\/lahora.mx\/index.php\/wp-json\/wp\/v2\/users\/1"}],"replies":[{"embeddable":true,"href":"https:\/\/lahora.mx\/index.php\/wp-json\/wp\/v2\/comments?post=92017"}],"version-history":[{"count":1,"href":"https:\/\/lahora.mx\/index.php\/wp-json\/wp\/v2\/posts\/92017\/revisions"}],"predecessor-version":[{"id":92019,"href":"https:\/\/lahora.mx\/index.php\/wp-json\/wp\/v2\/posts\/92017\/revisions\/92019"}],"wp:featuredmedia":[{"embeddable":true,"href":"https:\/\/lahora.mx\/index.php\/wp-json\/wp\/v2\/media\/92018"}],"wp:attachment":[{"href":"https:\/\/lahora.mx\/index.php\/wp-json\/wp\/v2\/media?parent=92017"}],"wp:term":[{"taxonomy":"category","embeddable":true,"href":"https:\/\/lahora.mx\/index.php\/wp-json\/wp\/v2\/categories?post=92017"},{"taxonomy":"post_tag","embeddable":true,"href":"https:\/\/lahora.mx\/index.php\/wp-json\/wp\/v2\/tags?post=92017"}],"curies":[{"name":"wp","href":"https:\/\/api.w.org\/{rel}","templated":true}]}}