{"id":92010,"date":"2026-09-01T15:11:44","date_gmt":"2026-09-01T21:11:44","guid":{"rendered":"https:\/\/lahora.mx\/?p=92010"},"modified":"2026-09-01T15:11:44","modified_gmt":"2026-09-01T21:11:44","slug":"destaca-claudia-sheinbaum-proyectos-estrategicos-para-puebla-en-su-segundo-informe-de-gobierno","status":"publish","type":"post","link":"https:\/\/lahora.mx\/index.php\/2026\/09\/01\/destaca-claudia-sheinbaum-proyectos-estrategicos-para-puebla-en-su-segundo-informe-de-gobierno\/","title":{"rendered":"Destaca Claudia Sheinbaum proyectos estrat\u00e9gicos para Puebla en su Segundo Informe de Gobierno"},"content":{"rendered":"\n<p class=\"wp-block-paragraph\"><strong>CIUDAD DE M\u00c9XICO.<\/strong> Durante la rendici\u00f3n de su Segundo Informe de Gobierno, la presidenta de la Rep\u00fablica, Claudia Sheinbaum Pardo, resalt\u00f3 una serie de obras prioritarias y proyectos de innovaci\u00f3n cient\u00edfica destinados al desarrollo del estado de Puebla, entre los que destacan el avance en el saneamiento del r\u00edo Atoyac, el miniveh\u00edculo el\u00e9ctrico Olinia y la modernizaci\u00f3n de la infraestructura carretera en la Mixteca.<\/p>\n\n\n\n<p class=\"wp-block-paragraph\">En su mensaje a la naci\u00f3n, la titular del Ejecutivo federal subray\u00f3 las acciones enfocadas en la recuperaci\u00f3n ambiental de la cuenca del Atoyac, donde se reporta un avance significativo con la intervenci\u00f3n de colectores marginales y el desarrollo de plantas de tratamiento de aguas residuales. Asimismo, refrend\u00f3 el impulso al modelo de innovaci\u00f3n tecnol\u00f3gico impulsado en la entidad, como la producci\u00f3n del auto el\u00e9ctrico subcompacto Olinia y el fortalecimiento del laboratorio de semiconductores Kutzari.<\/p>\n\n\n\n<p class=\"wp-block-paragraph\">En materia de movilidad y conectividad regional, Sheinbaum Pardo enfatiz\u00f3 los trabajos de conservaci\u00f3n e intervenci\u00f3n en m\u00e1s de mil 100 kil\u00f3metros de la red carretera que conecta a las regiones de la Mixteca poblana y oaxaque\u00f1a, destacando tramos estrat\u00e9gicos que atraviesan los municipios de Iz\u00facar de Matamoros y Tehuitzingo para fortalecer el comercio e integraci\u00f3n comunitaria.<\/p>\n\n\n\n<p class=\"wp-block-paragraph\">Durante el acto oficial, la mandataria reafirm\u00f3 el compromiso de su administraci\u00f3n por mantener un trabajo coordinado con el gobierno del estado de Puebla, encabezado por Alejandro Armenta Mier, asegurando que los proyectos de infraestructura, salud y educaci\u00f3n aprobados para la entidad continuar\u00e1n ejecut\u00e1ndose de manera prioritaria para beneficio de las familias poblanas.<\/p>\n","protected":false},"excerpt":{"rendered":"<p>CIUDAD DE M\u00c9XICO. Durante la rendici\u00f3n de su Segundo Informe de Gobierno, la presidenta de la Rep\u00fablica, Claudia Sheinbaum Pardo, resalt\u00f3 una serie de obras prioritarias y proyectos de innovaci\u00f3n cient\u00edfica destinados al desarrollo del estado de Puebla, entre los que destacan el avance en el saneamiento del r\u00edo Atoyac, el miniveh\u00edculo el\u00e9ctrico Olinia y [&hellip;]<\/p>\n","protected":false},"author":1,"featured_media":92011,"comment_status":"open","ping_status":"open","sticky":false,"template":"","format":"standard","meta":{"om_disable_all_campaigns":false,"_monsterinsights_skip_tracking":false,"footnotes":""},"categories":[176],"tags":[195],"class_list":["post-92010","post","type-post","status-publish","format-standard","has-post-thumbnail","hentry","category-nacional","tag-principal"],"amp_enabled":true,"_links":{"self":[{"href":"https:\/\/lahora.mx\/index.php\/wp-json\/wp\/v2\/posts\/92010","targetHints":{"allow":["GET"]}}],"collection":[{"href":"https:\/\/lahora.mx\/index.php\/wp-json\/wp\/v2\/posts"}],"about":[{"href":"https:\/\/lahora.mx\/index.php\/wp-json\/wp\/v2\/types\/post"}],"author":[{"embeddable":true,"href":"https:\/\/lahora.mx\/index.php\/wp-json\/wp\/v2\/users\/1"}],"replies":[{"embeddable":true,"href":"https:\/\/lahora.mx\/index.php\/wp-json\/wp\/v2\/comments?post=92010"}],"version-history":[{"count":1,"href":"https:\/\/lahora.mx\/index.php\/wp-json\/wp\/v2\/posts\/92010\/revisions"}],"predecessor-version":[{"id":92012,"href":"https:\/\/lahora.mx\/index.php\/wp-json\/wp\/v2\/posts\/92010\/revisions\/92012"}],"wp:featuredmedia":[{"embeddable":true,"href":"https:\/\/lahora.mx\/index.php\/wp-json\/wp\/v2\/media\/92011"}],"wp:attachment":[{"href":"https:\/\/lahora.mx\/index.php\/wp-json\/wp\/v2\/media?parent=92010"}],"wp:term":[{"taxonomy":"category","embeddable":true,"href":"https:\/\/lahora.mx\/index.php\/wp-json\/wp\/v2\/categories?post=92010"},{"taxonomy":"post_tag","embeddable":true,"href":"https:\/\/lahora.mx\/index.php\/wp-json\/wp\/v2\/tags?post=92010"}],"curies":[{"name":"wp","href":"https:\/\/api.w.org\/{rel}","templated":true}]}}