{"id":92004,"date":"2026-09-01T14:55:24","date_gmt":"2026-09-01T20:55:24","guid":{"rendered":"https:\/\/lahora.mx\/?p=92004"},"modified":"2026-09-01T14:55:25","modified_gmt":"2026-09-01T20:55:25","slug":"frena-ine-de-nueva-cuenta-emblema-de-somos-exige-modificar-su-identidad-grafica","status":"publish","type":"post","link":"https:\/\/lahora.mx\/index.php\/2026\/09\/01\/frena-ine-de-nueva-cuenta-emblema-de-somos-exige-modificar-su-identidad-grafica\/","title":{"rendered":"Frena INE de nueva cuenta emblema de \u00abSOMOS\u00bb; exige modificar su identidad gr\u00e1fica"},"content":{"rendered":"\n<p class=\"wp-block-paragraph\"><strong>M\u00c9XICO.<\/strong> El Instituto Nacional Electoral (INE) emiti\u00f3 una nueva resoluci\u00f3n mediante la cual volvi\u00f3 a frenar el registro del emblema oficial presentado por la organizaci\u00f3n pol\u00edtica \u00abSOMOS\u00bb, al determinar que su imagen e identidad visual incumplen con los lineamientos reglamentarios vigentes.<\/p>\n\n\n\n<p class=\"wp-block-paragraph\">El \u00f3rgano electoral estableci\u00f3 que la propuesta gr\u00e1fica presentada por la agrupaci\u00f3n incurre en similitudes o elementos de confusi\u00f3n con los de otras fuerzas o instituciones vigentes, por lo que requiri\u00f3 formalmente a sus dirigentes realizar las modificaciones correspondientes en la simbolog\u00eda y colores institucionales.<\/p>\n\n\n\n<p class=\"wp-block-paragraph\">Tras la notificaci\u00f3n del fallo, la representaci\u00f3n legal de la organizaci\u00f3n dispondr\u00e1 de un plazo determinado por la autoridad electoral para subsanar las observaciones hechas al logotipo y presentar un redise\u00f1o que cumpla a cabalidad con el principio de certeza e identidad propia.<\/p>\n\n\n\n<p class=\"wp-block-paragraph\">Esta determinaci\u00f3n representa un nuevo ajuste en los plazos previstos por la agrupaci\u00f3n en su proceso de consolidaci\u00f3n pol\u00edtica, debiendo esperar la revisi\u00f3n t\u00e9cnica definitiva del Consejo General del INE una vez que sean entregadas las correcciones requeridas.<\/p>\n","protected":false},"excerpt":{"rendered":"<p>M\u00c9XICO. El Instituto Nacional Electoral (INE) emiti\u00f3 una nueva resoluci\u00f3n mediante la cual volvi\u00f3 a frenar el registro del emblema oficial presentado por la organizaci\u00f3n pol\u00edtica \u00abSOMOS\u00bb, al determinar que su imagen e identidad visual incumplen con los lineamientos reglamentarios vigentes. El \u00f3rgano electoral estableci\u00f3 que la propuesta gr\u00e1fica presentada por la agrupaci\u00f3n incurre en [&hellip;]<\/p>\n","protected":false},"author":1,"featured_media":92005,"comment_status":"open","ping_status":"open","sticky":false,"template":"","format":"standard","meta":{"om_disable_all_campaigns":false,"_monsterinsights_skip_tracking":false,"footnotes":""},"categories":[5],"tags":[223],"class_list":["post-92004","post","type-post","status-publish","format-standard","has-post-thumbnail","hentry","category-politica","tag-puebla"],"amp_enabled":true,"_links":{"self":[{"href":"https:\/\/lahora.mx\/index.php\/wp-json\/wp\/v2\/posts\/92004","targetHints":{"allow":["GET"]}}],"collection":[{"href":"https:\/\/lahora.mx\/index.php\/wp-json\/wp\/v2\/posts"}],"about":[{"href":"https:\/\/lahora.mx\/index.php\/wp-json\/wp\/v2\/types\/post"}],"author":[{"embeddable":true,"href":"https:\/\/lahora.mx\/index.php\/wp-json\/wp\/v2\/users\/1"}],"replies":[{"embeddable":true,"href":"https:\/\/lahora.mx\/index.php\/wp-json\/wp\/v2\/comments?post=92004"}],"version-history":[{"count":1,"href":"https:\/\/lahora.mx\/index.php\/wp-json\/wp\/v2\/posts\/92004\/revisions"}],"predecessor-version":[{"id":92006,"href":"https:\/\/lahora.mx\/index.php\/wp-json\/wp\/v2\/posts\/92004\/revisions\/92006"}],"wp:featuredmedia":[{"embeddable":true,"href":"https:\/\/lahora.mx\/index.php\/wp-json\/wp\/v2\/media\/92005"}],"wp:attachment":[{"href":"https:\/\/lahora.mx\/index.php\/wp-json\/wp\/v2\/media?parent=92004"}],"wp:term":[{"taxonomy":"category","embeddable":true,"href":"https:\/\/lahora.mx\/index.php\/wp-json\/wp\/v2\/categories?post=92004"},{"taxonomy":"post_tag","embeddable":true,"href":"https:\/\/lahora.mx\/index.php\/wp-json\/wp\/v2\/tags?post=92004"}],"curies":[{"name":"wp","href":"https:\/\/api.w.org\/{rel}","templated":true}]}}