{"id":92003,"date":"2026-09-01T14:58:40","date_gmt":"2026-09-01T20:58:40","guid":{"rendered":"https:\/\/lahora.mx\/?p=92003"},"modified":"2026-09-01T15:02:12","modified_gmt":"2026-09-01T21:02:12","slug":"sep-atencion-a-la-escuela-normal-rural-de-teteles-y-rehubica-a-alumnas-maltratadas","status":"publish","type":"post","link":"https:\/\/lahora.mx\/index.php\/2026\/09\/01\/sep-atencion-a-la-escuela-normal-rural-de-teteles-y-rehubica-a-alumnas-maltratadas\/","title":{"rendered":"SEP atenci\u00f3n a la Escuela Normal Rural de Teteles y rehubica a alumnas maltratadas"},"content":{"rendered":"\n<p class=\"wp-block-paragraph\">-La Normal cuenta con 389 estudiantes; 25 alumnas fueron reubicadas y se realizaron 29 mesas de trabajo.<\/p>\n\n\n\n<p class=\"wp-block-paragraph\">PUEBLA, Pue.- Con el prop\u00f3sito de atender las necesidades de la comunidad educativa de la Escuela Normal Rural \u201cCarmen Serd\u00e1n\u201d, ubicada en el municipio de Teteles de \u00c1vila Castillo, el secretario de Educaci\u00f3n P\u00fablica del Estado, Manuel Viveros Narciso present\u00f3 durante rueda de prensa el diagn\u00f3stico de la instituci\u00f3n y las acciones que la dependencia ha realizado para dar respuesta a sus peticiones.<\/p>\n\n\n\n<p class=\"wp-block-paragraph\">Actualmente, la instituci\u00f3n cuenta con 389 estudiantes, 43 docentes y tres directivos (una directora y dos subdirectores acad\u00e9mico y administrativo); las alumnas inscritas en la instituci\u00f3n provienen de estados como: Veracruz, Oaxaca, Guerrero, Tlaxcala, Ciudad de M\u00e9xico, Hidalgo, Morelos, Chiapas y desde luego Puebla. <\/p>\n\n\n\n<p class=\"wp-block-paragraph\">Como parte de la atenci\u00f3n a 25 estudiantes de nuevo ingreso que decidieron retirarse de la instituci\u00f3n tras a haber recibido tratos inadecuados por parte de otras estudiantes, y gracias a la gesti\u00f3n del Gobierno del Estado a trav\u00e9s de la Secretar\u00eda de Educaci\u00f3n P\u00fablica, fueron reubicadas en escuelas normales y unidades de la Universidad Pedag\u00f3gica Nacional (UPN) del estado, para continuar con su formaci\u00f3n acad\u00e9mica.<\/p>\n\n\n\n<p class=\"wp-block-paragraph\">Durante el 2025 y el 2026 fue instalada una mesa de trabajo con el Consejo Estudiantil de la normal rural, y sesion\u00f3 en 29 ocasiones para dar seguimiento a las solicitudes de la comunidad estudiantil. <\/p>\n\n\n\n<p class=\"wp-block-paragraph\">Entre las acciones se encuentran: la construcci\u00f3n de una cubierta en las gradas de la pista de atletismo y cancha de f\u00fatbol; una pista de atletismo con obra en ejecuci\u00f3n; se otorg\u00f3 recurso econ\u00f3mico para los festejos por el centenario de la instituci\u00f3n; se otorgaron kits escolares; uniformes deportivos y un autob\u00fas para transporte escolar. <\/p>\n\n\n\n<p class=\"wp-block-paragraph\">Ante los medios de comunicaci\u00f3n, aspirantes para ingresar a la Escuela Normar Rural ubicada en Teteles de \u00c1vila Castillo hicieron p\u00fablicas la violencia de la que fueron objeto de parte de algunas estudiantes de esa casa de estudios, al se\u00f1alar que pusieron en riesgo su salud mental, f\u00edsica y emocional. <\/p>\n\n\n\n<p class=\"wp-block-paragraph\">Tambi\u00e9n una madre de familia narr\u00f3 lo dif\u00edcil que result\u00f3 que su hija dejara las instalaciones de la escuela.<\/p>\n\n\n\n<p class=\"wp-block-paragraph\">Con estas acciones, la dependencia refrenda su compromiso de mantener el di\u00e1logo y atender las necesidades de las comunidades educativas, bajo la visi\u00f3n humanista de la presidenta Claudia Sheinbaum Pardo y el compromiso del gobernador Alejandro Armenta Mier con la educaci\u00f3n p\u00fablica en Puebla.<\/p>\n\n\n\n<p class=\"wp-block-paragraph\"><\/p>\n","protected":false},"excerpt":{"rendered":"<p>-La Normal cuenta con 389 estudiantes; 25 alumnas fueron reubicadas y se realizaron 29 mesas de trabajo. PUEBLA, Pue.- Con el prop\u00f3sito de atender las necesidades de la comunidad educativa de la Escuela Normal Rural \u201cCarmen Serd\u00e1n\u201d, ubicada en el municipio de Teteles de \u00c1vila Castillo, el secretario de Educaci\u00f3n P\u00fablica del Estado, Manuel Viveros [&hellip;]<\/p>\n","protected":false},"author":1,"featured_media":92009,"comment_status":"open","ping_status":"open","sticky":false,"template":"","format":"standard","meta":{"om_disable_all_campaigns":false,"_monsterinsights_skip_tracking":false,"footnotes":""},"categories":[175],"tags":[239,128,195,223],"class_list":["post-92003","post","type-post","status-publish","format-standard","has-post-thumbnail","hentry","category-local","tag-gobierno","tag-politics","tag-principal","tag-puebla"],"amp_enabled":true,"_links":{"self":[{"href":"https:\/\/lahora.mx\/index.php\/wp-json\/wp\/v2\/posts\/92003","targetHints":{"allow":["GET"]}}],"collection":[{"href":"https:\/\/lahora.mx\/index.php\/wp-json\/wp\/v2\/posts"}],"about":[{"href":"https:\/\/lahora.mx\/index.php\/wp-json\/wp\/v2\/types\/post"}],"author":[{"embeddable":true,"href":"https:\/\/lahora.mx\/index.php\/wp-json\/wp\/v2\/users\/1"}],"replies":[{"embeddable":true,"href":"https:\/\/lahora.mx\/index.php\/wp-json\/wp\/v2\/comments?post=92003"}],"version-history":[{"count":1,"href":"https:\/\/lahora.mx\/index.php\/wp-json\/wp\/v2\/posts\/92003\/revisions"}],"predecessor-version":[{"id":92008,"href":"https:\/\/lahora.mx\/index.php\/wp-json\/wp\/v2\/posts\/92003\/revisions\/92008"}],"wp:featuredmedia":[{"embeddable":true,"href":"https:\/\/lahora.mx\/index.php\/wp-json\/wp\/v2\/media\/92009"}],"wp:attachment":[{"href":"https:\/\/lahora.mx\/index.php\/wp-json\/wp\/v2\/media?parent=92003"}],"wp:term":[{"taxonomy":"category","embeddable":true,"href":"https:\/\/lahora.mx\/index.php\/wp-json\/wp\/v2\/categories?post=92003"},{"taxonomy":"post_tag","embeddable":true,"href":"https:\/\/lahora.mx\/index.php\/wp-json\/wp\/v2\/tags?post=92003"}],"curies":[{"name":"wp","href":"https:\/\/api.w.org\/{rel}","templated":true}]}}