{"id":92000,"date":"2026-09-01T14:50:23","date_gmt":"2026-09-01T20:50:23","guid":{"rendered":"https:\/\/lahora.mx\/?p=92000"},"modified":"2026-09-01T14:50:24","modified_gmt":"2026-09-01T20:50:24","slug":"anuncia-jose-chedraui-budib-la-construccion-de-mil-300-calles-con-emprestito-de-440-millones-de-pesos","status":"publish","type":"post","link":"https:\/\/lahora.mx\/index.php\/2026\/09\/01\/anuncia-jose-chedraui-budib-la-construccion-de-mil-300-calles-con-emprestito-de-440-millones-de-pesos\/","title":{"rendered":"Anuncia Jos\u00e9 Chedraui Budib la construcci\u00f3n de mil 300 calles con empr\u00e9stito de 440 millones de pesos"},"content":{"rendered":"\n<p class=\"wp-block-paragraph\"><strong>PUEBLA, PUE.<\/strong> Con una inversi\u00f3n hist\u00f3rica orientada a revertir el rezago en infraestructura vial, el presidente municipal Pepe Chedraui Budib anunci\u00f3 el inicio de la intervenci\u00f3n y construcci\u00f3n de mil 300 nuevas calles en diversas colonias y juntas auxiliares de la capital durante este mes de septiembre.<\/p>\n\n\n\n<p class=\"wp-block-paragraph\">El proyecto masivo de pavimentaci\u00f3n y relaminaci\u00f3n ser\u00e1 financiado mediante el recurso obtenido a trav\u00e9s del empr\u00e9stito de 440 millones de pesos previamente autorizado, el cual permitir\u00e1 acelerar los trabajos de rehabilitaci\u00f3n vial en los puntos con mayor deterioro del municipio.<\/p>\n\n\n\n<p class=\"wp-block-paragraph\">El alcalde detall\u00f3 que las obras arrancar\u00e1n de forma inmediata en zonas prioritarias que por a\u00f1os carecieron de mantenimiento, abarcando tanto vialidades principales como accesos secundarios a escuelas, centros de salud y colonias de la periferia para optimizar la movilidad urbana.<\/p>\n\n\n\n<p class=\"wp-block-paragraph\">Con esta estrategia de infraestructura, la administraci\u00f3n municipal busca no solo mejorar la conectividad vehicular y la seguridad del peat\u00f3n, sino tambi\u00e9n detonar el desarrollo econ\u00f3mico local y responder a una de las demandas m\u00e1s sentidas de la poblaci\u00f3n poblana.<\/p>\n\n\n\n<p class=\"wp-block-paragraph\"><\/p>\n","protected":false},"excerpt":{"rendered":"<p>PUEBLA, PUE. Con una inversi\u00f3n hist\u00f3rica orientada a revertir el rezago en infraestructura vial, el presidente municipal Pepe Chedraui Budib anunci\u00f3 el inicio de la intervenci\u00f3n y construcci\u00f3n de mil 300 nuevas calles en diversas colonias y juntas auxiliares de la capital durante este mes de septiembre. El proyecto masivo de pavimentaci\u00f3n y relaminaci\u00f3n ser\u00e1 [&hellip;]<\/p>\n","protected":false},"author":1,"featured_media":92001,"comment_status":"open","ping_status":"open","sticky":false,"template":"","format":"standard","meta":{"om_disable_all_campaigns":false,"_monsterinsights_skip_tracking":false,"footnotes":""},"categories":[175],"tags":[320],"class_list":["post-92000","post","type-post","status-publish","format-standard","has-post-thumbnail","hentry","category-local","tag-chedraui"],"amp_enabled":true,"_links":{"self":[{"href":"https:\/\/lahora.mx\/index.php\/wp-json\/wp\/v2\/posts\/92000","targetHints":{"allow":["GET"]}}],"collection":[{"href":"https:\/\/lahora.mx\/index.php\/wp-json\/wp\/v2\/posts"}],"about":[{"href":"https:\/\/lahora.mx\/index.php\/wp-json\/wp\/v2\/types\/post"}],"author":[{"embeddable":true,"href":"https:\/\/lahora.mx\/index.php\/wp-json\/wp\/v2\/users\/1"}],"replies":[{"embeddable":true,"href":"https:\/\/lahora.mx\/index.php\/wp-json\/wp\/v2\/comments?post=92000"}],"version-history":[{"count":1,"href":"https:\/\/lahora.mx\/index.php\/wp-json\/wp\/v2\/posts\/92000\/revisions"}],"predecessor-version":[{"id":92002,"href":"https:\/\/lahora.mx\/index.php\/wp-json\/wp\/v2\/posts\/92000\/revisions\/92002"}],"wp:featuredmedia":[{"embeddable":true,"href":"https:\/\/lahora.mx\/index.php\/wp-json\/wp\/v2\/media\/92001"}],"wp:attachment":[{"href":"https:\/\/lahora.mx\/index.php\/wp-json\/wp\/v2\/media?parent=92000"}],"wp:term":[{"taxonomy":"category","embeddable":true,"href":"https:\/\/lahora.mx\/index.php\/wp-json\/wp\/v2\/categories?post=92000"},{"taxonomy":"post_tag","embeddable":true,"href":"https:\/\/lahora.mx\/index.php\/wp-json\/wp\/v2\/tags?post=92000"}],"curies":[{"name":"wp","href":"https:\/\/api.w.org\/{rel}","templated":true}]}}