{"id":91981,"date":"2026-09-01T14:35:00","date_gmt":"2026-09-01T20:35:00","guid":{"rendered":"https:\/\/lahora.mx\/?p=91981"},"modified":"2026-09-01T14:36:49","modified_gmt":"2026-09-01T20:36:49","slug":"canacintra-respalda-despidos-en-volkswagen-puebla","status":"publish","type":"post","link":"https:\/\/lahora.mx\/index.php\/2026\/09\/01\/canacintra-respalda-despidos-en-volkswagen-puebla\/","title":{"rendered":"Canacintra respalda despidos en Volkswagen Puebla"},"content":{"rendered":"\n<p class=\"wp-block-paragraph\">La C\u00e1mara Nacional de la Industria de Transformaci\u00f3n (<a href=\"https:\/\/www.diariocambio.com.mx\/2026\/economia\/avala-canacintra-los-despidos-en-volkswagen-son-necesarios-para-que-la-planta-no-quiebre\/\" target=\"_blank\" rel=\"noopener\">Canacintra<\/a>) en Puebla manifest\u00f3 su respaldo al reajuste de personal anunciado por <a href=\"https:\/\/www.diariocambio.com.mx\/2026\/economia\/avala-canacintra-los-despidos-en-volkswagen-son-necesarios-para-que-la-planta-no-quiebre\/\" target=\"_blank\" rel=\"noopener\">Volkswagen de M\u00e9xico<\/a>, al catalogarlo como un movimiento estrat\u00e9gico indispensable para mantener la operatividad y evitar la quiebra de la planta instalada en Cuautlancingo.<\/p>\n\n\n\n<ul class=\"wp-block-list\">\n<li>De acuerdo a los datos disponibles hasta el momento, se estima un recorte de entre <strong>700 y 1,200 puestos de trabajo<\/strong> en la armadora germana.<\/li>\n\n\n\n<li><strong>El panorama a generado un impacto en los proveedores<\/strong>, ya que las empresas vinculadas a la cadena de suministro automotriz tambi\u00e9n est\u00e1n ajustando sus esquemas para adaptarse a la nueva demanda del mercado.<\/li>\n\n\n\n<li><strong>Evaluaci\u00f3n econ\u00f3mica:<\/strong> Entre octubre y noviembre se proyecta contar con m\u00e9tricas precisas sobre el impacto en la facturaci\u00f3n local, el consumo y la proveedur\u00eda.<\/li>\n<\/ul>\n\n\n\n<p class=\"wp-block-paragraph\"><strong>Factores de mercado y alternativas para el sector<\/strong><\/p>\n\n\n\n<p class=\"wp-block-paragraph\">El presidente del organismo empresarial en la entidad, <a href=\"https:\/\/www.diariocambio.com.mx\/2026\/economia\/avala-canacintra-los-despidos-en-volkswagen-son-necesarios-para-que-la-planta-no-quiebre\/\" target=\"_blank\" rel=\"noopener\">Carlos Sosa<\/a>, puntualiz\u00f3 que la industria automotriz enfrenta una fuerte presi\u00f3n por la creciente penetraci\u00f3n de marcas de veh\u00edculos de origen chino, las cuales han ganado terreno mediante precios competitivos y equipamiento tecnol\u00f3gico.<\/p>\n\n\n\n<p class=\"wp-block-paragraph\">Ante tal situaci\u00f3n, el tambi\u00e9n empresario se\u00f1al\u00f3 que el talento t\u00e9cnico y especializado que concluya su ciclo en la planta de Puebla cuenta con perfil competitivo y podr\u00eda reubicarse en polos automotrices e industriales de estados como Guanajuato, Quer\u00e9taro, Coahuila, Aguascalientes y Nuevo Le\u00f3n.<\/p>\n","protected":false},"excerpt":{"rendered":"<p>La C\u00e1mara Nacional de la Industria de Transformaci\u00f3n (Canacintra) en Puebla manifest\u00f3 su respaldo al reajuste de personal anunciado por Volkswagen de M\u00e9xico, al catalogarlo como un movimiento estrat\u00e9gico indispensable para mantener la operatividad y evitar la quiebra de la planta instalada en Cuautlancingo. Factores de mercado y alternativas para el sector El presidente del [&hellip;]<\/p>\n","protected":false},"author":1,"featured_media":91982,"comment_status":"open","ping_status":"open","sticky":false,"template":"","format":"standard","meta":{"om_disable_all_campaigns":false,"_monsterinsights_skip_tracking":false,"footnotes":""},"categories":[175,2],"tags":[195],"class_list":["post-91981","post","type-post","status-publish","format-standard","has-post-thumbnail","hentry","category-local","category-negocios","tag-principal"],"amp_enabled":true,"_links":{"self":[{"href":"https:\/\/lahora.mx\/index.php\/wp-json\/wp\/v2\/posts\/91981","targetHints":{"allow":["GET"]}}],"collection":[{"href":"https:\/\/lahora.mx\/index.php\/wp-json\/wp\/v2\/posts"}],"about":[{"href":"https:\/\/lahora.mx\/index.php\/wp-json\/wp\/v2\/types\/post"}],"author":[{"embeddable":true,"href":"https:\/\/lahora.mx\/index.php\/wp-json\/wp\/v2\/users\/1"}],"replies":[{"embeddable":true,"href":"https:\/\/lahora.mx\/index.php\/wp-json\/wp\/v2\/comments?post=91981"}],"version-history":[{"count":1,"href":"https:\/\/lahora.mx\/index.php\/wp-json\/wp\/v2\/posts\/91981\/revisions"}],"predecessor-version":[{"id":91983,"href":"https:\/\/lahora.mx\/index.php\/wp-json\/wp\/v2\/posts\/91981\/revisions\/91983"}],"wp:featuredmedia":[{"embeddable":true,"href":"https:\/\/lahora.mx\/index.php\/wp-json\/wp\/v2\/media\/91982"}],"wp:attachment":[{"href":"https:\/\/lahora.mx\/index.php\/wp-json\/wp\/v2\/media?parent=91981"}],"wp:term":[{"taxonomy":"category","embeddable":true,"href":"https:\/\/lahora.mx\/index.php\/wp-json\/wp\/v2\/categories?post=91981"},{"taxonomy":"post_tag","embeddable":true,"href":"https:\/\/lahora.mx\/index.php\/wp-json\/wp\/v2\/tags?post=91981"}],"curies":[{"name":"wp","href":"https:\/\/api.w.org\/{rel}","templated":true}]}}