{"id":91978,"date":"2026-09-01T13:25:20","date_gmt":"2026-09-01T19:25:20","guid":{"rendered":"https:\/\/lahora.mx\/?p=91978"},"modified":"2026-09-01T13:25:21","modified_gmt":"2026-09-01T19:25:21","slug":"puebla-inicia-conmemoracion-del-216-aniversario-de-la-independencia-de-mexico","status":"publish","type":"post","link":"https:\/\/lahora.mx\/index.php\/2026\/09\/01\/puebla-inicia-conmemoracion-del-216-aniversario-de-la-independencia-de-mexico\/","title":{"rendered":"Puebla inicia conmemoraci\u00f3n del 216 aniversario de la independencia de M\u00e9xico"},"content":{"rendered":"\n<p class=\"wp-block-paragraph\"><\/p>\n\n\n\n<p class=\"wp-block-paragraph\">PUEBLA, Pue.- Con profundo sentido patri\u00f3tico, el Gobierno del Estado, las Fuerzas Armadas, el Poder Legislativo, el Poder Judicial y el Ayuntamiento de Puebla, iniciaron las actividades conmemorativas por el 216 aniversario de la Independencia de M\u00e9xico, con la Lectura y colocaci\u00f3n del Bando Solemne de las Fiestas Patrias Por Amor a Puebla 2026, acto que tuvo como escenario el Z\u00f3calo de la capital.<\/p>\n\n\n\n<p class=\"wp-block-paragraph\">El gobernador Alejandro Armenta Mier asisti\u00f3 a la ceremonia donde el orador oficial fue el presidente municipal de Puebla, Jos\u00e9 Chedraui Budib, quien destac\u00f3 que hace 216 a\u00f1os comenz\u00f3 un movimiento que transform\u00f3 para siempre el rumbo de la naci\u00f3n, impulsado por mujeres y hombres que comprendieron que era momento de cambiar una realidad que ya no respond\u00eda a las aspiraciones del pueblo.<\/p>\n\n\n\n<figure class=\"wp-block-image size-full\"><img fetchpriority=\"high\" decoding=\"async\" width=\"793\" height=\"504\" src=\"https:\/\/lahora.mx\/wp-content\/uploads\/2026\/09\/Captura-de-Pantalla-2026-09-01-a-las-13.18.03.png\" alt=\"\" class=\"wp-image-91980\" srcset=\"https:\/\/lahora.mx\/wp-content\/uploads\/2026\/09\/Captura-de-Pantalla-2026-09-01-a-las-13.18.03.png 793w, https:\/\/lahora.mx\/wp-content\/uploads\/2026\/09\/Captura-de-Pantalla-2026-09-01-a-las-13.18.03-300x191.png 300w, https:\/\/lahora.mx\/wp-content\/uploads\/2026\/09\/Captura-de-Pantalla-2026-09-01-a-las-13.18.03-768x488.png 768w\" sizes=\"(max-width: 793px) 100vw, 793px\" \/><\/figure>\n\n\n\n<p class=\"wp-block-paragraph\">Se\u00f1al\u00f3 que la Independencia no fue \u00fanicamente un episodio militar ni una sucesi\u00f3n de nombres y fechas, sino una decisi\u00f3n colectiva que dej\u00f3 una ense\u00f1anza vigente para las nuevas generaciones. En este sentido, record\u00f3 a Miguel Hidalgo, Josefa Ortiz T\u00e9llez-Gir\u00f3n, Ignacio Allende y Jos\u00e9 Mar\u00eda Morelos y Pav\u00f3n como figuras fundamentales de la lucha por la libertad. \u201cLa libertad, la justicia y la dignidad nunca son conquistas definitivas. Son valores que cada generaci\u00f3n tiene la responsabilidad de cuidar, fortalecer y convertir realidades\u201d.<\/p>\n\n\n\n<p class=\"wp-block-paragraph\">Destac\u00f3 que la coordinaci\u00f3n entre los tres \u00f3rdenes de gobierno, as\u00ed como la Secretar\u00eda de la Defensa Nacional (DEFENSA), Marina y Guardia Nacional (GN) debe permanecer en el centro de la vida p\u00fablica, con el prop\u00f3sito de generar resultados para las y los poblanos. Bajo el liderazgo de la presidenta de M\u00e9xico, Claudia Sheinbaum Pardo, y en coordinaci\u00f3n con el gobernador Alejandro Armenta, afirm\u00f3 que se suman esfuerzos para impulsar el desarrollo de Puebla.<\/p>\n\n\n\n<p class=\"wp-block-paragraph\">En el marco de las Fiestas Patrias Por Amor a Puebla 2026, se dio lectura al calendario oficial de ceremonias conmemorativas:<\/p>\n\n\n\n<p class=\"wp-block-paragraph\">1 de septiembre, 08:00 horas: Lectura y colocaci\u00f3n del Bando Solemne con motivo de las Fiestas Patrias Por Amor a Puebla 2026.<\/p>\n\n\n\n<p class=\"wp-block-paragraph\">8 de septiembre, 08:00 horas: Ceremonia conmemorativa por el 258 aniversario del natalicio de Josefa Ortiz T\u00e9llez-Gir\u00f3n.<\/p>\n\n\n\n<p class=\"wp-block-paragraph\">8 de septiembre, 09:30 horas: Ceremonia conmemorativa por el 164 aniversario luctuoso del general Ignacio Zaragoza.<\/p>\n\n\n\n<p class=\"wp-block-paragraph\">10 de septiembre, 09:00 horas: Ceremonia conmemorativa por el 240 aniversario del natalicio del general Nicol\u00e1s Bravo.<\/p>\n\n\n\n<p class=\"wp-block-paragraph\">13 de septiembre, 09:00 horas: Ceremonia conmemorativa por el 179 aniversario de la Gesta Heroica de los Ni\u00f1os H\u00e9roes de Chapultepec.<\/p>\n\n\n\n<p class=\"wp-block-paragraph\">15 de septiembre, 23:00 horas: Ceremonia conmemorativa por el 216 aniversario del Grito de Independencia de M\u00e9xico de 1810.<\/p>\n\n\n\n<p class=\"wp-block-paragraph\">16 de septiembre, 09:00 horas: Ceremonia conmemorativa por el 216 aniversario de la Independencia de M\u00e9xico.<\/p>\n\n\n\n<p class=\"wp-block-paragraph\">16 de septiembre, 09:30 horas: Desfile C\u00edvico-Militar.<\/p>\n\n\n\n<p class=\"wp-block-paragraph\">27 de septiembre, 09:00 horas: Ceremonia conmemorativa por el 205 aniversario de la Consumaci\u00f3n de la Independencia de M\u00e9xico.<\/p>\n\n\n\n<p class=\"wp-block-paragraph\">30 de septiembre, 09:00 horas: Ceremonia conmemorativa por el 261 aniversario del natalicio del general Jos\u00e9 Mar\u00eda Morelos y Pav\u00f3n.<\/p>\n\n\n\n<p class=\"wp-block-paragraph\">Como parte del acto protocolario, el Bando Solemne fue colocado en las sedes de los tres \u00f3rdenes de gobierno: el Palacio Municipal, el Tribunal Superior de Justicia, el Congreso del Estado y Casa Aguayo. Con estas actividades, el Gobierno del Estado refrenda su compromiso con la preservaci\u00f3n de la memoria hist\u00f3rica y con una vida p\u00fablica basada en la unidad, la coordinaci\u00f3n institucional y el trabajo en favor de las familias poblanas.<\/p>\n","protected":false},"excerpt":{"rendered":"<p>PUEBLA, Pue.- Con profundo sentido patri\u00f3tico, el Gobierno del Estado, las Fuerzas Armadas, el Poder Legislativo, el Poder Judicial y el Ayuntamiento de Puebla, iniciaron las actividades conmemorativas por el 216 aniversario de la Independencia de M\u00e9xico, con la Lectura y colocaci\u00f3n del Bando Solemne de las Fiestas Patrias Por Amor a Puebla 2026, acto [&hellip;]<\/p>\n","protected":false},"author":1,"featured_media":91979,"comment_status":"open","ping_status":"open","sticky":false,"template":"","format":"standard","meta":{"om_disable_all_campaigns":false,"_monsterinsights_skip_tracking":false,"footnotes":""},"categories":[175],"tags":[239,195,223],"class_list":["post-91978","post","type-post","status-publish","format-standard","has-post-thumbnail","hentry","category-local","tag-gobierno","tag-principal","tag-puebla"],"amp_enabled":true,"_links":{"self":[{"href":"https:\/\/lahora.mx\/index.php\/wp-json\/wp\/v2\/posts\/91978","targetHints":{"allow":["GET"]}}],"collection":[{"href":"https:\/\/lahora.mx\/index.php\/wp-json\/wp\/v2\/posts"}],"about":[{"href":"https:\/\/lahora.mx\/index.php\/wp-json\/wp\/v2\/types\/post"}],"author":[{"embeddable":true,"href":"https:\/\/lahora.mx\/index.php\/wp-json\/wp\/v2\/users\/1"}],"replies":[{"embeddable":true,"href":"https:\/\/lahora.mx\/index.php\/wp-json\/wp\/v2\/comments?post=91978"}],"version-history":[{"count":1,"href":"https:\/\/lahora.mx\/index.php\/wp-json\/wp\/v2\/posts\/91978\/revisions"}],"predecessor-version":[{"id":91984,"href":"https:\/\/lahora.mx\/index.php\/wp-json\/wp\/v2\/posts\/91978\/revisions\/91984"}],"wp:featuredmedia":[{"embeddable":true,"href":"https:\/\/lahora.mx\/index.php\/wp-json\/wp\/v2\/media\/91979"}],"wp:attachment":[{"href":"https:\/\/lahora.mx\/index.php\/wp-json\/wp\/v2\/media?parent=91978"}],"wp:term":[{"taxonomy":"category","embeddable":true,"href":"https:\/\/lahora.mx\/index.php\/wp-json\/wp\/v2\/categories?post=91978"},{"taxonomy":"post_tag","embeddable":true,"href":"https:\/\/lahora.mx\/index.php\/wp-json\/wp\/v2\/tags?post=91978"}],"curies":[{"name":"wp","href":"https:\/\/api.w.org\/{rel}","templated":true}]}}