{"id":91975,"date":"2026-09-01T18:48:39","date_gmt":"2026-09-01T18:48:39","guid":{"rendered":"https:\/\/lahora.mx\/?p=91975"},"modified":"2026-09-01T18:48:40","modified_gmt":"2026-09-01T18:48:40","slug":"advierten-que-sequia-provocada-por-el-nino-pondria-en-riesgo-alimentario-a-7-millones-de-personas-en-centroamerica","status":"publish","type":"post","link":"https:\/\/lahora.mx\/index.php\/2026\/09\/01\/advierten-que-sequia-provocada-por-el-nino-pondria-en-riesgo-alimentario-a-7-millones-de-personas-en-centroamerica\/","title":{"rendered":"Advierten que sequ\u00eda provocada por \u00abEl Ni\u00f1o\u00bb pondr\u00eda en riesgo alimentario a 7 millones de personas en Centroam\u00e9rica"},"content":{"rendered":"\n<p class=\"wp-block-paragraph\"><strong>AM\u00c9RICA CENTRAL.<\/strong> Organismos internacionales e instituciones ambientales encendieron las alarmas al advertir que el recrudecimiento del fen\u00f3meno meteorol\u00f3gico \u00abEl Ni\u00f1o\u00bb proyecta una severa sequ\u00eda que impactar\u00e1 de manera directa en la producci\u00f3n de granos b\u00e1sicos y pondr\u00e1 en riesgo la seguridad alimentaria de m\u00e1s de 7 millones de habitantes en Am\u00e9rica Central.<\/p>\n\n\n\n<p class=\"wp-block-paragraph\">Las proyecciones agroclim\u00e1ticas se\u00f1alan que el incremento at\u00edpico de temperaturas y la prolongada ausencia de precipitaciones pluviales afectar\u00e1n con mayor severidad a la franja conocida como el Corredor Seco centroamericano, impactando campos de cultivo en Guatemala, Honduras, El Salvador y Nicaragua, donde miles de peque\u00f1os agricultores ya reportan p\u00e9rdidas parciales o totales de cosechas.<\/p>\n\n\n\n<p class=\"wp-block-paragraph\">Expertos en materia ambiental y nutricional advirtieron que la falta de disponibilidad de ma\u00edz y frijol no solo provocar\u00e1 un desabasto generalizado en las comunidades rurales, sino que desatar\u00e1 un alza de precios en los mercados locales, acentuando la vulnerabilidad econ\u00f3mica de las familias en condici\u00f3n de pobreza extrema y forzando eventuales desplazamientos migratorios.<\/p>\n\n\n\n<p class=\"wp-block-paragraph\">Frente a este escenario adverso, dependencias multilaterales e instituciones de cooperaci\u00f3n humanitaria urgieron a los gobiernos de la regi\u00f3n a implementar planes de emergencia enfocados en la distribuci\u00f3n de insumos, la activaci\u00f3n de sistemas de riego eficientes y la asistencia alimentaria directa para mitigar el impacto negativo del cambio clim\u00e1tico en las comunidades m\u00e1s vulnerables.<\/p>\n","protected":false},"excerpt":{"rendered":"<p>AM\u00c9RICA CENTRAL. Organismos internacionales e instituciones ambientales encendieron las alarmas al advertir que el recrudecimiento del fen\u00f3meno meteorol\u00f3gico \u00abEl Ni\u00f1o\u00bb proyecta una severa sequ\u00eda que impactar\u00e1 de manera directa en la producci\u00f3n de granos b\u00e1sicos y pondr\u00e1 en riesgo la seguridad alimentaria de m\u00e1s de 7 millones de habitantes en Am\u00e9rica Central. Las proyecciones agroclim\u00e1ticas [&hellip;]<\/p>\n","protected":false},"author":1,"featured_media":91976,"comment_status":"open","ping_status":"open","sticky":false,"template":"","format":"standard","meta":{"om_disable_all_campaigns":false,"_monsterinsights_skip_tracking":false,"footnotes":""},"categories":[176],"tags":[223],"class_list":["post-91975","post","type-post","status-publish","format-standard","has-post-thumbnail","hentry","category-nacional","tag-puebla"],"amp_enabled":true,"_links":{"self":[{"href":"https:\/\/lahora.mx\/index.php\/wp-json\/wp\/v2\/posts\/91975","targetHints":{"allow":["GET"]}}],"collection":[{"href":"https:\/\/lahora.mx\/index.php\/wp-json\/wp\/v2\/posts"}],"about":[{"href":"https:\/\/lahora.mx\/index.php\/wp-json\/wp\/v2\/types\/post"}],"author":[{"embeddable":true,"href":"https:\/\/lahora.mx\/index.php\/wp-json\/wp\/v2\/users\/1"}],"replies":[{"embeddable":true,"href":"https:\/\/lahora.mx\/index.php\/wp-json\/wp\/v2\/comments?post=91975"}],"version-history":[{"count":1,"href":"https:\/\/lahora.mx\/index.php\/wp-json\/wp\/v2\/posts\/91975\/revisions"}],"predecessor-version":[{"id":91977,"href":"https:\/\/lahora.mx\/index.php\/wp-json\/wp\/v2\/posts\/91975\/revisions\/91977"}],"wp:featuredmedia":[{"embeddable":true,"href":"https:\/\/lahora.mx\/index.php\/wp-json\/wp\/v2\/media\/91976"}],"wp:attachment":[{"href":"https:\/\/lahora.mx\/index.php\/wp-json\/wp\/v2\/media?parent=91975"}],"wp:term":[{"taxonomy":"category","embeddable":true,"href":"https:\/\/lahora.mx\/index.php\/wp-json\/wp\/v2\/categories?post=91975"},{"taxonomy":"post_tag","embeddable":true,"href":"https:\/\/lahora.mx\/index.php\/wp-json\/wp\/v2\/tags?post=91975"}],"curies":[{"name":"wp","href":"https:\/\/api.w.org\/{rel}","templated":true}]}}