{"id":91972,"date":"2026-09-01T18:45:57","date_gmt":"2026-09-01T18:45:57","guid":{"rendered":"https:\/\/lahora.mx\/?p=91972"},"modified":"2026-09-01T18:45:58","modified_gmt":"2026-09-01T18:45:58","slug":"investiga-fiscalia-labor-informativa-de-ricardo-zuniga-como-movil-en-su-homicidio-ocurrido-en-tehuitzingo","status":"publish","type":"post","link":"https:\/\/lahora.mx\/index.php\/2026\/09\/01\/investiga-fiscalia-labor-informativa-de-ricardo-zuniga-como-movil-en-su-homicidio-ocurrido-en-tehuitzingo\/","title":{"rendered":"Investiga Fiscal\u00eda labor informativa de Ricardo Z\u00fa\u00f1iga como m\u00f3vil en su homicidio ocurrido en Tehuitzingo"},"content":{"rendered":"\n<p class=\"wp-block-paragraph\"><strong>TEHUITZINGO, PUE.<\/strong> La Fiscal\u00eda General del Estado (FGE) mantiene como una de las principales l\u00edneas de investigaci\u00f3n el ejercicio period\u00edstico y la labor de cr\u00edtica social como el posible m\u00f3vil detr\u00e1s del asesinato del comunicador y fot\u00f3grafo Ricardo Z\u00fa\u00f1iga, ocurrido el pasado fin de semana en este municipio de la Mixteca poblana.<\/p>\n\n\n\n<p class=\"wp-block-paragraph\">De acuerdo con los reportes oficiales de las autoridades investigadoras, las diligencias en el lugar de los hechos e inspecciones t\u00e9cnicas buscan determinar si los se\u00f1alamientos y denuncias sobre problem\u00e1ticas comunitarias vertidas por el creador de contenido motivaron la agresi\u00f3n armada. Familiares, amigos y habitantes de la regi\u00f3n exigieron la pronta identificaci\u00f3n de los autores materiales e intelectuales del atentado.<\/p>\n\n\n\n<p class=\"wp-block-paragraph\">Ante la consternaci\u00f3n provocada por el crimen, activistas y figuras pol\u00edticas locales han confrontado a las autoridades municipales de seguridad, acusando la falta de patrullajes efectivos y exigiendo garant\u00edas de tranquilidad para la ciudadan\u00eda ante la creciente ola de violencia registrada en los municipios del sur del estado de Puebla.<\/p>\n\n\n\n<p class=\"wp-block-paragraph\">Los restos de Ricardo Z\u00fa\u00f1iga fueron despedidos en una emotiva ceremonia luctuosa por familiares y colegas de la regi\u00f3n, mientras el \u00f3rgano procurador de justicia contin\u00faa desahogando entrevistas y peritajes para esclarecer los hechos y evitar que el homicidio del informador quede impune.<\/p>\n\n\n\n<h3 class=\"wp-block-heading\"><\/h3>\n","protected":false},"excerpt":{"rendered":"<p>TEHUITZINGO, PUE. La Fiscal\u00eda General del Estado (FGE) mantiene como una de las principales l\u00edneas de investigaci\u00f3n el ejercicio period\u00edstico y la labor de cr\u00edtica social como el posible m\u00f3vil detr\u00e1s del asesinato del comunicador y fot\u00f3grafo Ricardo Z\u00fa\u00f1iga, ocurrido el pasado fin de semana en este municipio de la Mixteca poblana. De acuerdo con [&hellip;]<\/p>\n","protected":false},"author":1,"featured_media":91973,"comment_status":"open","ping_status":"open","sticky":false,"template":"","format":"standard","meta":{"om_disable_all_campaigns":false,"_monsterinsights_skip_tracking":false,"footnotes":""},"categories":[176],"tags":[223],"class_list":["post-91972","post","type-post","status-publish","format-standard","has-post-thumbnail","hentry","category-nacional","tag-puebla"],"amp_enabled":true,"_links":{"self":[{"href":"https:\/\/lahora.mx\/index.php\/wp-json\/wp\/v2\/posts\/91972","targetHints":{"allow":["GET"]}}],"collection":[{"href":"https:\/\/lahora.mx\/index.php\/wp-json\/wp\/v2\/posts"}],"about":[{"href":"https:\/\/lahora.mx\/index.php\/wp-json\/wp\/v2\/types\/post"}],"author":[{"embeddable":true,"href":"https:\/\/lahora.mx\/index.php\/wp-json\/wp\/v2\/users\/1"}],"replies":[{"embeddable":true,"href":"https:\/\/lahora.mx\/index.php\/wp-json\/wp\/v2\/comments?post=91972"}],"version-history":[{"count":1,"href":"https:\/\/lahora.mx\/index.php\/wp-json\/wp\/v2\/posts\/91972\/revisions"}],"predecessor-version":[{"id":91974,"href":"https:\/\/lahora.mx\/index.php\/wp-json\/wp\/v2\/posts\/91972\/revisions\/91974"}],"wp:featuredmedia":[{"embeddable":true,"href":"https:\/\/lahora.mx\/index.php\/wp-json\/wp\/v2\/media\/91973"}],"wp:attachment":[{"href":"https:\/\/lahora.mx\/index.php\/wp-json\/wp\/v2\/media?parent=91972"}],"wp:term":[{"taxonomy":"category","embeddable":true,"href":"https:\/\/lahora.mx\/index.php\/wp-json\/wp\/v2\/categories?post=91972"},{"taxonomy":"post_tag","embeddable":true,"href":"https:\/\/lahora.mx\/index.php\/wp-json\/wp\/v2\/tags?post=91972"}],"curies":[{"name":"wp","href":"https:\/\/api.w.org\/{rel}","templated":true}]}}