{"id":91968,"date":"2026-09-01T14:44:00","date_gmt":"2026-09-01T20:44:00","guid":{"rendered":"https:\/\/lahora.mx\/?p=91968"},"modified":"2026-09-01T14:44:01","modified_gmt":"2026-09-01T20:44:01","slug":"cae-el-r5-presunto-lider-del-cartel-de-los-reyes-tras-operativo-de-fuerzas-federales-en-michoacan","status":"publish","type":"post","link":"https:\/\/lahora.mx\/index.php\/2026\/09\/01\/cae-el-r5-presunto-lider-del-cartel-de-los-reyes-tras-operativo-de-fuerzas-federales-en-michoacan\/","title":{"rendered":"Cae \u00abEl R5\u00bb, presunto l\u00edder del C\u00e1rtel de Los Reyes, tras operativo de fuerzas federales en Michoac\u00e1n"},"content":{"rendered":"\n<p class=\"wp-block-paragraph\"><strong>M\u00c9XICO.<\/strong> En un contundente golpe a las estructuras del crimen organizado que operan en el occidente del pa\u00eds, autoridades federales confirmaron la detenci\u00f3n de \u00abEl R5\u00bb, identificado como el principal l\u00edder operativo del C\u00e1rtel de Los Reyes. La captura se concret\u00f3 durante un despliegue t\u00e1ctico coordinado por elementos de las Fuerzas Armadas y la Guardia Nacional en el estado de Michoac\u00e1n.<\/p>\n\n\n\n<p class=\"wp-block-paragraph\">El imputado, quien era catalogado como un objetivo prioritario y contaba con requerimientos de extradici\u00f3n por parte de las autoridades de Estados Unidos, es se\u00f1alado por encabezar operaciones de trasiego de drogas, extorsiones y diversos actos de violencia en la regi\u00f3n de la Tierra Caliente michoacana. El operativo se ejecut\u00f3 de forma precisa, evitando bajas en las filas de las corporaciones de seguridad.<\/p>\n\n\n\n<p class=\"wp-block-paragraph\">Durante la intervenci\u00f3n de los efectivos federales se asegur\u00f3 armamento de alto poder, equipo t\u00e1ctico y veh\u00edculos presuntamente empleados para actividades il\u00edcitas. Las autoridades locales informaron que la zona permaneci\u00f3 bajo un fuerte resguardo por parte de corporaciones de los tres \u00f3rdenes de gobierno con el objetivo de prevenir eventuales reacciones violentas o bloqueos viales por parte de c\u00e9lulas delictivas afines al detenido.<\/p>\n\n\n\n<p class=\"wp-block-paragraph\">Tras concretarse su arresto, \u00abEl R5\u00bb fue trasladado bajo un estricto dispositivo de seguridad hacia las instalaciones de la Fiscal\u00eda General de la Rep\u00fablica (FGR), donde se determinar\u00e1 su situaci\u00f3n jur\u00eddica y se dar\u00e1 inicio formal a los tr\u00e1mites correspondientes para atender las solicitudes de procuraci\u00f3n de justicia del fuero federal e internacional.<\/p>\n","protected":false},"excerpt":{"rendered":"<p>M\u00c9XICO. En un contundente golpe a las estructuras del crimen organizado que operan en el occidente del pa\u00eds, autoridades federales confirmaron la detenci\u00f3n de \u00abEl R5\u00bb, identificado como el principal l\u00edder operativo del C\u00e1rtel de Los Reyes. La captura se concret\u00f3 durante un despliegue t\u00e1ctico coordinado por elementos de las Fuerzas Armadas y la Guardia [&hellip;]<\/p>\n","protected":false},"author":1,"featured_media":91970,"comment_status":"open","ping_status":"open","sticky":false,"template":"","format":"standard","meta":{"om_disable_all_campaigns":false,"_monsterinsights_skip_tracking":false,"footnotes":""},"categories":[176],"tags":[195,223],"class_list":["post-91968","post","type-post","status-publish","format-standard","has-post-thumbnail","hentry","category-nacional","tag-principal","tag-puebla"],"amp_enabled":true,"_links":{"self":[{"href":"https:\/\/lahora.mx\/index.php\/wp-json\/wp\/v2\/posts\/91968","targetHints":{"allow":["GET"]}}],"collection":[{"href":"https:\/\/lahora.mx\/index.php\/wp-json\/wp\/v2\/posts"}],"about":[{"href":"https:\/\/lahora.mx\/index.php\/wp-json\/wp\/v2\/types\/post"}],"author":[{"embeddable":true,"href":"https:\/\/lahora.mx\/index.php\/wp-json\/wp\/v2\/users\/1"}],"replies":[{"embeddable":true,"href":"https:\/\/lahora.mx\/index.php\/wp-json\/wp\/v2\/comments?post=91968"}],"version-history":[{"count":1,"href":"https:\/\/lahora.mx\/index.php\/wp-json\/wp\/v2\/posts\/91968\/revisions"}],"predecessor-version":[{"id":91971,"href":"https:\/\/lahora.mx\/index.php\/wp-json\/wp\/v2\/posts\/91968\/revisions\/91971"}],"wp:featuredmedia":[{"embeddable":true,"href":"https:\/\/lahora.mx\/index.php\/wp-json\/wp\/v2\/media\/91970"}],"wp:attachment":[{"href":"https:\/\/lahora.mx\/index.php\/wp-json\/wp\/v2\/media?parent=91968"}],"wp:term":[{"taxonomy":"category","embeddable":true,"href":"https:\/\/lahora.mx\/index.php\/wp-json\/wp\/v2\/categories?post=91968"},{"taxonomy":"post_tag","embeddable":true,"href":"https:\/\/lahora.mx\/index.php\/wp-json\/wp\/v2\/tags?post=91968"}],"curies":[{"name":"wp","href":"https:\/\/api.w.org\/{rel}","templated":true}]}}