{"id":91965,"date":"2026-09-01T13:44:00","date_gmt":"2026-09-01T19:44:00","guid":{"rendered":"https:\/\/lahora.mx\/?p=91965"},"modified":"2026-09-01T14:44:57","modified_gmt":"2026-09-01T20:44:57","slug":"encabezan-alejandro-armenta-y-pepe-chedraui-colocacion-del-bando-solemne-de-las-fiestas-patrias-2026-en-puebla","status":"publish","type":"post","link":"https:\/\/lahora.mx\/index.php\/2026\/09\/01\/encabezan-alejandro-armenta-y-pepe-chedraui-colocacion-del-bando-solemne-de-las-fiestas-patrias-2026-en-puebla\/","title":{"rendered":"Encabezan Alejandro Armenta y Pepe Chedraui colocaci\u00f3n del Bando Solemne de las Fiestas Patrias 2026 en Puebla"},"content":{"rendered":"\n<p class=\"wp-block-paragraph\"><\/p>\n\n\n\n<p class=\"wp-block-paragraph\"><strong>PUEBLA, PUE.<\/strong> Con el firme compromiso de fortalecer la identidad c\u00edvica y promover la unidad social, el gobernador del estado, Alejandro Armenta Mier, y el presidente municipal de Puebla, Pepe Chedraui Budib, encabezaron la ceremonia de lectura y colocaci\u00f3n del Bando Solemne de las Fiestas Patrias 2026 en las inmediaciones del Palacio Municipal, dando as\u00ed el banderazo oficial a los festejos del mes patrio.<\/p>\n\n\n\n<p class=\"wp-block-paragraph\">Durante el acto c\u00edvico desarrollado en el primer cuadro de la Angel\u00f3polis, el alcalde Pepe Chedraui subray\u00f3 en su mensaje que la lucha por la Independencia no debe entenderse \u00fanicamente como una fecha hist\u00f3rica o un pasaje militar, sino como la determinaci\u00f3n colectiva de mujeres y hombres que buscaron transformar radicalmente la realidad del pa\u00eds para construir un futuro m\u00e1s justo e incluyente para todas y todos los mexicanos.<\/p>\n\n\n\n<p class=\"wp-block-paragraph\">En su intervenci\u00f3n, el edil capitalino destac\u00f3 que el Ayuntamiento de Puebla mantiene una estrecha coordinaci\u00f3n interinstitucional con los tres \u00f3rdenes de gobierno. En este sentido, reafirm\u00f3 que el trabajo en conjunto con la administraci\u00f3n federal liderada por la presidenta Claudia Sheinbaum Pardo y el gobierno estatal encabezado por Alejandro Armenta permitir\u00e1 consolidar proyectos estrat\u00e9gicos para generar mayores oportunidades de desarrollo y bienestar social en el municipio.<\/p>\n\n\n\n<p class=\"wp-block-paragraph\">Tras la proclamaci\u00f3n de las actividades oficiales, las autoridades llevaron a cabo la primera guardia de honor ante el L\u00e1baro Patrio en la sede del Ayuntamiento. Posteriormente, el alcalde acompa\u00f1\u00f3 a representantes de los poderes Ejecutivo, Legislativo y Judicial a la fijaci\u00f3n del documento solemne en inmuebles clave del centro hist\u00f3rico, entre los que destacan el Palacio de Justicia, la sede del Congreso del Estado y Casa Aguayo.<\/p>\n\n\n\n<p class=\"wp-block-paragraph\">El programa c\u00edvico para este mes contempla la conmemoraci\u00f3n del 216 Aniversario del Grito de Independencia y de la Consumaci\u00f3n de la gesta heroica, adem\u00e1s de ceremonias luctuosas y de natalicio en honor a pr\u00f3ceres de la naci\u00f3n como el General Ignacio Zaragoza, Nicol\u00e1s Bravo, Jos\u00e9 Mar\u00eda Morelos y Pav\u00f3n, as\u00ed como el homenaje a la gesta hist\u00f3rica de los Ni\u00f1os H\u00e9roes de Chapultepec.<\/p>\n","protected":false},"excerpt":{"rendered":"<p>PUEBLA, PUE. Con el firme compromiso de fortalecer la identidad c\u00edvica y promover la unidad social, el gobernador del estado, Alejandro Armenta Mier, y el presidente municipal de Puebla, Pepe Chedraui Budib, encabezaron la ceremonia de lectura y colocaci\u00f3n del Bando Solemne de las Fiestas Patrias 2026 en las inmediaciones del Palacio Municipal, dando as\u00ed [&hellip;]<\/p>\n","protected":false},"author":1,"featured_media":91966,"comment_status":"open","ping_status":"open","sticky":false,"template":"","format":"standard","meta":{"om_disable_all_campaigns":false,"_monsterinsights_skip_tracking":false,"footnotes":""},"categories":[175],"tags":[239,195,223],"class_list":["post-91965","post","type-post","status-publish","format-standard","has-post-thumbnail","hentry","category-local","tag-gobierno","tag-principal","tag-puebla"],"amp_enabled":true,"_links":{"self":[{"href":"https:\/\/lahora.mx\/index.php\/wp-json\/wp\/v2\/posts\/91965","targetHints":{"allow":["GET"]}}],"collection":[{"href":"https:\/\/lahora.mx\/index.php\/wp-json\/wp\/v2\/posts"}],"about":[{"href":"https:\/\/lahora.mx\/index.php\/wp-json\/wp\/v2\/types\/post"}],"author":[{"embeddable":true,"href":"https:\/\/lahora.mx\/index.php\/wp-json\/wp\/v2\/users\/1"}],"replies":[{"embeddable":true,"href":"https:\/\/lahora.mx\/index.php\/wp-json\/wp\/v2\/comments?post=91965"}],"version-history":[{"count":1,"href":"https:\/\/lahora.mx\/index.php\/wp-json\/wp\/v2\/posts\/91965\/revisions"}],"predecessor-version":[{"id":91967,"href":"https:\/\/lahora.mx\/index.php\/wp-json\/wp\/v2\/posts\/91965\/revisions\/91967"}],"wp:featuredmedia":[{"embeddable":true,"href":"https:\/\/lahora.mx\/index.php\/wp-json\/wp\/v2\/media\/91966"}],"wp:attachment":[{"href":"https:\/\/lahora.mx\/index.php\/wp-json\/wp\/v2\/media?parent=91965"}],"wp:term":[{"taxonomy":"category","embeddable":true,"href":"https:\/\/lahora.mx\/index.php\/wp-json\/wp\/v2\/categories?post=91965"},{"taxonomy":"post_tag","embeddable":true,"href":"https:\/\/lahora.mx\/index.php\/wp-json\/wp\/v2\/tags?post=91965"}],"curies":[{"name":"wp","href":"https:\/\/api.w.org\/{rel}","templated":true}]}}