{"id":91962,"date":"2026-09-01T16:51:07","date_gmt":"2026-09-01T16:51:07","guid":{"rendered":"https:\/\/lahora.mx\/?p=91962"},"modified":"2026-09-01T16:51:08","modified_gmt":"2026-09-01T16:51:08","slug":"avalan-en-comision-del-congreso-de-puebla-acuerdo-para-que-escuelas-implementen-acciones-de-accesibilidad-para-personas-con-discapacidad","status":"publish","type":"post","link":"https:\/\/lahora.mx\/index.php\/2026\/09\/01\/avalan-en-comision-del-congreso-de-puebla-acuerdo-para-que-escuelas-implementen-acciones-de-accesibilidad-para-personas-con-discapacidad\/","title":{"rendered":"Avalan en Comisi\u00f3n del Congreso de Puebla acuerdo para que escuelas implementen acciones de accesibilidad para personas con discapacidad"},"content":{"rendered":"\n<p class=\"wp-block-paragraph\"><strong>PUEBLA, PUE.<\/strong> Con el firme prop\u00f3sito de garantizar una educaci\u00f3n sin discriminaci\u00f3n y en igualdad de condiciones, las integrantes de la Comisi\u00f3n de Educaci\u00f3n del Congreso del Estado de Puebla aprobaron un proyecto de acuerdo para exhortar a la Secretar\u00eda de Educaci\u00f3n P\u00fablica (SEP) estatal a promover medidas de accesibilidad universal en todos los niveles educativos del territorio poblano.<\/p>\n\n\n\n<p class=\"wp-block-paragraph\">El punto de acuerdo, presentado originalmente por la diputada Mar\u00eda Soledad Amieva Zamora y respaldado en la sesi\u00f3n que presidi\u00f3 la legisladora Floricel Gonz\u00e1lez M\u00e9ndez, solicita que las instituciones educativas de la entidad apliquen los ajustes razonables necesarios en sus futuros procesos de selecci\u00f3n, convocatorias, aplicaci\u00f3n de ex\u00e1menes de admisi\u00f3n y din\u00e1micas de clases en modalidad virtual. La iniciativa busca eliminar las barreras f\u00edsicas y tecnol\u00f3gicas que dificultan el acceso y permanencia escolar de las personas con discapacidad.<\/p>\n\n\n\n<p class=\"wp-block-paragraph\">De manera complementaria, el cuerpo colegiado dio luz verde a una propuesta legislativa impulsada por la diputada Leonela Jazm\u00edn Mart\u00ednez Ayala, la cual exhorta a la dependencia educativa a dise\u00f1ar e implementar campa\u00f1as permanentes de concienciaci\u00f3n sobre el trastorno del espectro autista (TEA) y las discapacidades en general. Esta medida est\u00e1 orientada a capacitar al personal docente, directivo y administrativo, as\u00ed como a tutores y alumnos, con el fin de prevenir el acoso escolar y erradicar cualquier tipo de exclusi\u00f3n en las aulas.<\/p>\n\n\n\n<p class=\"wp-block-paragraph\">Durante la etapa de an\u00e1lisis y discusi\u00f3n del dictamen, la diputada Mart\u00ednez Ayala subray\u00f3 la urgencia de fortalecer la cultura de inclusi\u00f3n en el marco del inicio del ciclo escolar. La legisladora enfatiz\u00f3 que las discapacidades no visibles suelen provocar situaciones de maltrato o falta de comprensi\u00f3n por parte de la comunidad estudiantil, por lo que resulta indispensable dotar a las escuelas de herramientas formativas y de sensibilizaci\u00f3n adecuada.<\/p>\n\n\n\n<p class=\"wp-block-paragraph\">Finalmente, la comisi\u00f3n aval\u00f3 una modificaci\u00f3n propuesta por la diputada Ana Laura G\u00f3mez Ram\u00edrez para precisar los alcances del acuerdo, sustituyendo el t\u00e9rmino \u00abdiscapacidad\u00bb por la expresi\u00f3n \u00ablos derechos de las personas con discapacidad\u00bb. A la sesi\u00f3n de trabajo acudieron las legisladoras Floricel Gonz\u00e1lez M\u00e9ndez, Araceli Celestino Rosas, Leonela Jazm\u00edn Mart\u00ednez Ayala y Ana Laura G\u00f3mez Ram\u00edrez, quienes reafirmaron el compromiso del Poder Legislativo poblano con el bienestar integral de la ni\u00f1ez y juventud en la entidad.<\/p>\n","protected":false},"excerpt":{"rendered":"<p>PUEBLA, PUE. Con el firme prop\u00f3sito de garantizar una educaci\u00f3n sin discriminaci\u00f3n y en igualdad de condiciones, las integrantes de la Comisi\u00f3n de Educaci\u00f3n del Congreso del Estado de Puebla aprobaron un proyecto de acuerdo para exhortar a la Secretar\u00eda de Educaci\u00f3n P\u00fablica (SEP) estatal a promover medidas de accesibilidad universal en todos los niveles [&hellip;]<\/p>\n","protected":false},"author":1,"featured_media":91963,"comment_status":"open","ping_status":"open","sticky":false,"template":"","format":"standard","meta":{"om_disable_all_campaigns":false,"_monsterinsights_skip_tracking":false,"footnotes":""},"categories":[175],"tags":[239,223],"class_list":["post-91962","post","type-post","status-publish","format-standard","has-post-thumbnail","hentry","category-local","tag-gobierno","tag-puebla"],"amp_enabled":true,"_links":{"self":[{"href":"https:\/\/lahora.mx\/index.php\/wp-json\/wp\/v2\/posts\/91962","targetHints":{"allow":["GET"]}}],"collection":[{"href":"https:\/\/lahora.mx\/index.php\/wp-json\/wp\/v2\/posts"}],"about":[{"href":"https:\/\/lahora.mx\/index.php\/wp-json\/wp\/v2\/types\/post"}],"author":[{"embeddable":true,"href":"https:\/\/lahora.mx\/index.php\/wp-json\/wp\/v2\/users\/1"}],"replies":[{"embeddable":true,"href":"https:\/\/lahora.mx\/index.php\/wp-json\/wp\/v2\/comments?post=91962"}],"version-history":[{"count":1,"href":"https:\/\/lahora.mx\/index.php\/wp-json\/wp\/v2\/posts\/91962\/revisions"}],"predecessor-version":[{"id":91964,"href":"https:\/\/lahora.mx\/index.php\/wp-json\/wp\/v2\/posts\/91962\/revisions\/91964"}],"wp:featuredmedia":[{"embeddable":true,"href":"https:\/\/lahora.mx\/index.php\/wp-json\/wp\/v2\/media\/91963"}],"wp:attachment":[{"href":"https:\/\/lahora.mx\/index.php\/wp-json\/wp\/v2\/media?parent=91962"}],"wp:term":[{"taxonomy":"category","embeddable":true,"href":"https:\/\/lahora.mx\/index.php\/wp-json\/wp\/v2\/categories?post=91962"},{"taxonomy":"post_tag","embeddable":true,"href":"https:\/\/lahora.mx\/index.php\/wp-json\/wp\/v2\/tags?post=91962"}],"curies":[{"name":"wp","href":"https:\/\/api.w.org\/{rel}","templated":true}]}}