{"id":91959,"date":"2026-09-01T16:46:58","date_gmt":"2026-09-01T16:46:58","guid":{"rendered":"https:\/\/lahora.mx\/?p=91959"},"modified":"2026-09-01T16:46:59","modified_gmt":"2026-09-01T16:46:59","slug":"declaran-santuario-diocesano-al-templo-de-padre-jesus-en-chalchicomula-de-sesma","status":"publish","type":"post","link":"https:\/\/lahora.mx\/index.php\/2026\/09\/01\/declaran-santuario-diocesano-al-templo-de-padre-jesus-en-chalchicomula-de-sesma\/","title":{"rendered":"Declaran Santuario Diocesano al templo de Padre Jes\u00fas en Chalchicomula de Sesma"},"content":{"rendered":"\n<p class=\"wp-block-paragraph\"><\/p>\n\n\n\n<p class=\"wp-block-paragraph\"><strong>CHALCHICOMULA DE SESMA, PUE.<\/strong> En una ceremonia de gran relevancia eclesi\u00e1stica y social para la regi\u00f3n del valle de Serd\u00e1n, el templo parroquial dedicado a la imagen de Padre Jes\u00fas en Chalchicomula fue elevado oficialmente a la categor\u00eda de Santuario Diocesano. La declaraci\u00f3n responde a la constante afluencia de fieles y al arraigo hist\u00f3rico que esta venerada imagen ha mantenido entre la poblaci\u00f3n local y los miles de visitantes que acuden cada a\u00f1o al templo.<\/p>\n\n\n\n<p class=\"wp-block-paragraph\">La decisi\u00f3n eclesial formaliza el estatus de la iglesia como uno de los epicentros de fe m\u00e1s importantes del territorio diocesano. A lo largo de las d\u00e9cadas, la imagen de Padre Jes\u00fas de las Tres Ca\u00eddas se ha consolidado como un referente de cohesi\u00f3n comunitaria, generando manifestaciones culturales y religiosas que forman parte de la identidad de los habitantes de Ciudad Serd\u00e1n y sus alrededores.<\/p>\n\n\n\n<p class=\"wp-block-paragraph\">El nombramiento reconoce adem\u00e1s la constante llegada de peregrinaciones procedentes de diversas latitudes del pa\u00eds. Durante las festividades anuales, el templo recibe a nutridos contingentes de devotos que viajan principalmente desde el estado de Veracruz, as\u00ed como de diversas regiones del centro y sur de la Rep\u00fablica Mexicana, quienes realizan el recorrido a pie, en bicicleta o en procesiones motorizadas para cumplir mandas o solicitar favores religiosos.<\/p>\n\n\n\n<p class=\"wp-block-paragraph\">Con la elevaci\u00f3n a Santuario Diocesano, se prev\u00e9 una reestructuraci\u00f3n en la atenci\u00f3n pastoral y en la log\u00edstica del recinto para garantizar una adecuada recepci\u00f3n a las contingencias de peregrinos. Este nuevo estatus implica tambi\u00e9n un fortalecimiento en las actividades lit\u00fargicas y un compromiso renovado por parte de las autoridades eclesi\u00e1sticas para la preservaci\u00f3n del patrimonio arquitect\u00f3nico y sacro que alberga el inmueble.<\/p>\n\n\n\n<p class=\"wp-block-paragraph\">El reconocimiento como santuario no solo fortalece la vida espiritual de la comunidad cat\u00f3lica local, sino que tambi\u00e9n promete dinamizar la actividad econ\u00f3mica de Chalchicomula de Sesma. Se anticipa que este realce religioso incremente el turismo de fe, beneficiando de manera directa al comercio local, la prestaci\u00f3n de servicios y el sector hotelero durante las fechas de mayor concentraci\u00f3n festiva.<\/p>\n","protected":false},"excerpt":{"rendered":"<p>CHALCHICOMULA DE SESMA, PUE. En una ceremonia de gran relevancia eclesi\u00e1stica y social para la regi\u00f3n del valle de Serd\u00e1n, el templo parroquial dedicado a la imagen de Padre Jes\u00fas en Chalchicomula fue elevado oficialmente a la categor\u00eda de Santuario Diocesano. La declaraci\u00f3n responde a la constante afluencia de fieles y al arraigo hist\u00f3rico que [&hellip;]<\/p>\n","protected":false},"author":1,"featured_media":91960,"comment_status":"open","ping_status":"open","sticky":false,"template":"","format":"standard","meta":{"om_disable_all_campaigns":false,"_monsterinsights_skip_tracking":false,"footnotes":""},"categories":[175],"tags":[],"class_list":["post-91959","post","type-post","status-publish","format-standard","has-post-thumbnail","hentry","category-local"],"amp_enabled":true,"_links":{"self":[{"href":"https:\/\/lahora.mx\/index.php\/wp-json\/wp\/v2\/posts\/91959","targetHints":{"allow":["GET"]}}],"collection":[{"href":"https:\/\/lahora.mx\/index.php\/wp-json\/wp\/v2\/posts"}],"about":[{"href":"https:\/\/lahora.mx\/index.php\/wp-json\/wp\/v2\/types\/post"}],"author":[{"embeddable":true,"href":"https:\/\/lahora.mx\/index.php\/wp-json\/wp\/v2\/users\/1"}],"replies":[{"embeddable":true,"href":"https:\/\/lahora.mx\/index.php\/wp-json\/wp\/v2\/comments?post=91959"}],"version-history":[{"count":1,"href":"https:\/\/lahora.mx\/index.php\/wp-json\/wp\/v2\/posts\/91959\/revisions"}],"predecessor-version":[{"id":91961,"href":"https:\/\/lahora.mx\/index.php\/wp-json\/wp\/v2\/posts\/91959\/revisions\/91961"}],"wp:featuredmedia":[{"embeddable":true,"href":"https:\/\/lahora.mx\/index.php\/wp-json\/wp\/v2\/media\/91960"}],"wp:attachment":[{"href":"https:\/\/lahora.mx\/index.php\/wp-json\/wp\/v2\/media?parent=91959"}],"wp:term":[{"taxonomy":"category","embeddable":true,"href":"https:\/\/lahora.mx\/index.php\/wp-json\/wp\/v2\/categories?post=91959"},{"taxonomy":"post_tag","embeddable":true,"href":"https:\/\/lahora.mx\/index.php\/wp-json\/wp\/v2\/tags?post=91959"}],"curies":[{"name":"wp","href":"https:\/\/api.w.org\/{rel}","templated":true}]}}