{"id":91954,"date":"2026-09-01T16:44:18","date_gmt":"2026-09-01T16:44:18","guid":{"rendered":"https:\/\/lahora.mx\/?p=91954"},"modified":"2026-09-01T16:44:19","modified_gmt":"2026-09-01T16:44:19","slug":"sustraen-camioneta-pick-up-del-estacionamiento-de-tienda-departamental-en-tecamachalco","status":"publish","type":"post","link":"https:\/\/lahora.mx\/index.php\/2026\/09\/01\/sustraen-camioneta-pick-up-del-estacionamiento-de-tienda-departamental-en-tecamachalco\/","title":{"rendered":"Sustraen camioneta pick up del estacionamiento de tienda departamental en Tecamachalco"},"content":{"rendered":"\n<p class=\"wp-block-paragraph\"><\/p>\n\n\n\n<p class=\"wp-block-paragraph\"><strong>TECAMACHALCO, PUE.<\/strong> Una camioneta pick up fue robada en el estacionamiento de la tienda departamental Coppel ubicada en la cabecera municipal de Tecamachalco. El hecho delictivo gener\u00f3 molestia e indignaci\u00f3n entre los usuarios y los propietarios del veh\u00edculo, quienes exigieron una investigaci\u00f3n rigurosa a las autoridades ministeriales al haberse registrado el il\u00edcito dentro de un espacio comercial privado que deber\u00eda contar con esquemas b\u00e1sicos de resguardo para sus clientes.<\/p>\n\n\n\n<p class=\"wp-block-paragraph\">De acuerdo con los reportes recabados, la sustracci\u00f3n de la unidad ocurri\u00f3 alrededor de las 17:30 horas, momento en que los due\u00f1os ingresaron al establecimiento para realizar diversas compras y gestiones financieras. Al salir del inmueble y dirigirse al sitio donde hab\u00edan aparcado, se percataron de que la camioneta ya no se encontraba en el lugar, por lo que comenzaron a solicitar apoyo entre los testigos y el personal del comercio.<\/p>\n\n\n\n<p class=\"wp-block-paragraph\">Pese a la inmediatez con la que descubrieron la p\u00e9rdida, los cuerpos de seguridad p\u00fablica municipal y estatal recibieron el reporte formal del incidente casi tres horas despu\u00e9s, cerca de las 20:30 horas. Este margen de tiempo facilitated que los probables responsables de la sustracci\u00f3n huyeran del per\u00edmetro municipal sin ser interceptados por los patrullajes preventivos que operan en las v\u00edas de acceso y salida de la demarcaci\u00f3n.<\/p>\n\n\n\n<p class=\"wp-block-paragraph\">Elementos de la Polic\u00eda Municipal acudieron a la zona para tomar conocimiento de los hechos, levantar el acta correspondiente e iniciar con el protocolo de b\u00fasqueda y localizaci\u00f3n en colonias aleda\u00f1as. Hasta el momento, las fuerzas del orden no han logrado ubicar la unidad ni han reportado personas detenidas en relaci\u00f3n con este delito contra el patrimonio.<\/p>\n\n\n\n<p class=\"wp-block-paragraph\">El veh\u00edculo sustra\u00eddo es una camioneta Chevrolet Cheyenne Pick Up, tipo cabina y media, modelo de la serie GMT400 (d\u00e9cada de 1990), en color azul marino. Como se\u00f1as particulares, la unidad cuenta con redilas met\u00e1licas en la batea, rines deportivos y porta las placas de circulaci\u00f3n SN-20-179 del estado de Puebla. Los agraviados hicieron un llamado a la ciudadan\u00eda para aportar cualquier informaci\u00f3n que ayude a recuperar el automotor a trav\u00e9s del n\u00famero de emergencias 911 o mediante denuncia an\u00f3nima al 089.<\/p>\n\n\n\n<p class=\"wp-block-paragraph\"><\/p>\n","protected":false},"excerpt":{"rendered":"<p>TECAMACHALCO, PUE. Una camioneta pick up fue robada en el estacionamiento de la tienda departamental Coppel ubicada en la cabecera municipal de Tecamachalco. El hecho delictivo gener\u00f3 molestia e indignaci\u00f3n entre los usuarios y los propietarios del veh\u00edculo, quienes exigieron una investigaci\u00f3n rigurosa a las autoridades ministeriales al haberse registrado el il\u00edcito dentro de un [&hellip;]<\/p>\n","protected":false},"author":1,"featured_media":91957,"comment_status":"open","ping_status":"open","sticky":false,"template":"","format":"standard","meta":{"om_disable_all_campaigns":false,"_monsterinsights_skip_tracking":false,"footnotes":""},"categories":[226],"tags":[],"class_list":["post-91954","post","type-post","status-publish","format-standard","has-post-thumbnail","hentry","category-policia"],"amp_enabled":true,"_links":{"self":[{"href":"https:\/\/lahora.mx\/index.php\/wp-json\/wp\/v2\/posts\/91954","targetHints":{"allow":["GET"]}}],"collection":[{"href":"https:\/\/lahora.mx\/index.php\/wp-json\/wp\/v2\/posts"}],"about":[{"href":"https:\/\/lahora.mx\/index.php\/wp-json\/wp\/v2\/types\/post"}],"author":[{"embeddable":true,"href":"https:\/\/lahora.mx\/index.php\/wp-json\/wp\/v2\/users\/1"}],"replies":[{"embeddable":true,"href":"https:\/\/lahora.mx\/index.php\/wp-json\/wp\/v2\/comments?post=91954"}],"version-history":[{"count":1,"href":"https:\/\/lahora.mx\/index.php\/wp-json\/wp\/v2\/posts\/91954\/revisions"}],"predecessor-version":[{"id":91958,"href":"https:\/\/lahora.mx\/index.php\/wp-json\/wp\/v2\/posts\/91954\/revisions\/91958"}],"wp:featuredmedia":[{"embeddable":true,"href":"https:\/\/lahora.mx\/index.php\/wp-json\/wp\/v2\/media\/91957"}],"wp:attachment":[{"href":"https:\/\/lahora.mx\/index.php\/wp-json\/wp\/v2\/media?parent=91954"}],"wp:term":[{"taxonomy":"category","embeddable":true,"href":"https:\/\/lahora.mx\/index.php\/wp-json\/wp\/v2\/categories?post=91954"},{"taxonomy":"post_tag","embeddable":true,"href":"https:\/\/lahora.mx\/index.php\/wp-json\/wp\/v2\/tags?post=91954"}],"curies":[{"name":"wp","href":"https:\/\/api.w.org\/{rel}","templated":true}]}}