{"id":9195,"date":"2022-07-01T20:06:25","date_gmt":"2022-07-01T20:06:25","guid":{"rendered":"http:\/\/lahora.mx\/?p=9195"},"modified":"2022-07-01T20:06:25","modified_gmt":"2022-07-01T20:06:25","slug":"se-inaugura-la-primera-refineria-que-mexico-construye-en-43-anos","status":"publish","type":"post","link":"https:\/\/lahora.mx\/index.php\/2022\/07\/01\/se-inaugura-la-primera-refineria-que-mexico-construye-en-43-anos\/","title":{"rendered":"Se inaugura la primera refiner\u00eda que M\u00e9xico construye en 43 a\u00f1os"},"content":{"rendered":"\n<p>De manera oficial, aunque s\u00f3lo como protocolo y \u00fanicamente con la participaci\u00f3n de dos funcionarios, el presidente Andr\u00e9s Manuel L\u00f3pez Obrador cort\u00f3 este viernes el list\u00f3n inaugural de la refiner\u00eda Olmeca cerca del puerto de Dos Bocas, Tabasco, obra que todav\u00eda se encuentra en etapa constructiva y entrar\u00e1 en funciones por lo menos en seis meses, seg\u00fan el gobierno, aunque alcanzar\u00e1 su capacidad de proceso de 340,000 barriles diarios de crudo, por lo menos en 2026, seg\u00fan diversos an\u00e1lisis.<\/p>\n\n\n\n<p>L\u00f3pez Obrador cort\u00f3 el list\u00f3n inaugural de la primera etapa de la nueva refiner\u00eda en Para\u00edso, Tabasco, acompa\u00f1ado por su esposa Beatriz Gutierrez M\u00fcller; la secretaria de Energ\u00eda, Roc\u00edo Nahle y encargada de la obra; el general Luis Cresencio Sandoval, titular de la Sedena; el almirante Jos\u00e9 Rafael Ojeda Dur\u00e1n, titular de la Marina y el gobernador de Tabasco, Carlos Manuel Merino Campos.<\/p>\n\n\n\n<p>En un recorrido al que no accedi\u00f3 la prensa -ni de la localidad, o nacional y extranjera- sino sencillamente el equipo de v\u00eddeo transmisi\u00f3n del Ejecutivo federal, el primer mandatario insisti\u00f3 en que el municipio de Para\u00edso cercano al Puerto de Dos Bocas fue el mejor lugar para instalar la nueva refiner\u00eda, porque re\u00fane en centros de almacenamiento la producci\u00f3n de la estatal y de otras empresas tanto de aguas someras de Campeche y Tabasco, como de los campos maduros terrestres de la regi\u00f3n.<\/p>\n\n\n\n<p>\u00abAqu\u00ed llega 1 mill\u00f3n de barriles, entonces se cuentan con material prima no s\u00e9 tuvo que hacer inversi\u00f3n especial en ductos\u00bb, asever\u00f3 el primer mandatario respecto a la obra que como m\u00ednimo tendr\u00e1 un costo de 8,900 millones de d\u00f3lares, aunque este monto se puede elevar a m\u00e1s de 12,000 millones de d\u00f3lares, seg\u00fan estudios de factibilidad entregados a Pemex.<\/p>\n\n\n\n<p>Con m\u00e1s de dos horas de retraso y en un evento al cual asisti\u00f3 medio centenar de medios de comunicaci\u00f3n a quienes se mantuvo en un sitio acordonado, y unos 150 invitados entre los que destacaron el titular de Gobernaci\u00f3n, Ad\u00e1n Augusto L\u00f3pez, la secretaria del Trabajo, Mar\u00eda Luisa Alcalde Luj\u00e1n, y cinco gobernadores: de Campeche, Tabasco, Oaxaca, Chiapas y la jefa de gobierno de la capital, Claudia Sheinbaum.<\/p>\n\n\n\n<p>\u00danicamente el director de Pemex, Octavio Romero Oropeza, el primer mandatario y la titular de Energ\u00eda, Roc\u00edo Nahle, recorrieron las instalaciones del predio de 576 hect\u00e1reas y el resto de los asistentes esper\u00f3 frente a una manta donde no hubo siquiera posibilidad de captar im\u00e1genes de infraestructura detr\u00e1s de L\u00f3pez Obrador, puesto que todav\u00eda hay gr\u00faas junto a las plantas de proceso.<\/p>\n\n\n\n<p>Hasta la tarde del jueves, la Comisi\u00f3n Reguladora de Energ\u00eda (CRE) otorg\u00f3 en una sesi\u00f3n extraordinaria del \u00f3rgano de gobierno el permiso para que la planta genere electricidad y se pudiera llevar a cabo el evento de apertura.<\/p>\n\n\n\n<p>En el recorrido privado, la titular de Energ\u00eda asegur\u00f3 que se producir\u00e1n 170,000 barriles diarios de gasolinas y 120,000 de di\u00e9sel ultra bajo azufre. De nueva cuenta, no mencion\u00f3 cu\u00e1ndo.<\/p>\n","protected":false},"excerpt":{"rendered":"<p>De manera oficial, aunque s\u00f3lo como protocolo y \u00fanicamente con la participaci\u00f3n de dos funcionarios, el presidente Andr\u00e9s Manuel L\u00f3pez Obrador cort\u00f3 este viernes el list\u00f3n inaugural de la refiner\u00eda Olmeca cerca del puerto de Dos Bocas, Tabasco, obra que todav\u00eda se encuentra en etapa constructiva y entrar\u00e1 en funciones por lo menos en seis [&hellip;]<\/p>\n","protected":false},"author":4,"featured_media":9196,"comment_status":"open","ping_status":"open","sticky":false,"template":"","format":"standard","meta":{"om_disable_all_campaigns":false,"_monsterinsights_skip_tracking":false,"_monsterinsights_sitenote_active":false,"_monsterinsights_sitenote_note":"","_monsterinsights_sitenote_category":0,"footnotes":""},"categories":[176],"tags":[],"class_list":["post-9195","post","type-post","status-publish","format-standard","has-post-thumbnail","hentry","category-nacional"],"amp_enabled":true,"_links":{"self":[{"href":"https:\/\/lahora.mx\/index.php\/wp-json\/wp\/v2\/posts\/9195","targetHints":{"allow":["GET"]}}],"collection":[{"href":"https:\/\/lahora.mx\/index.php\/wp-json\/wp\/v2\/posts"}],"about":[{"href":"https:\/\/lahora.mx\/index.php\/wp-json\/wp\/v2\/types\/post"}],"author":[{"embeddable":true,"href":"https:\/\/lahora.mx\/index.php\/wp-json\/wp\/v2\/users\/4"}],"replies":[{"embeddable":true,"href":"https:\/\/lahora.mx\/index.php\/wp-json\/wp\/v2\/comments?post=9195"}],"version-history":[{"count":1,"href":"https:\/\/lahora.mx\/index.php\/wp-json\/wp\/v2\/posts\/9195\/revisions"}],"predecessor-version":[{"id":9197,"href":"https:\/\/lahora.mx\/index.php\/wp-json\/wp\/v2\/posts\/9195\/revisions\/9197"}],"wp:featuredmedia":[{"embeddable":true,"href":"https:\/\/lahora.mx\/index.php\/wp-json\/wp\/v2\/media\/9196"}],"wp:attachment":[{"href":"https:\/\/lahora.mx\/index.php\/wp-json\/wp\/v2\/media?parent=9195"}],"wp:term":[{"taxonomy":"category","embeddable":true,"href":"https:\/\/lahora.mx\/index.php\/wp-json\/wp\/v2\/categories?post=9195"},{"taxonomy":"post_tag","embeddable":true,"href":"https:\/\/lahora.mx\/index.php\/wp-json\/wp\/v2\/tags?post=9195"}],"curies":[{"name":"wp","href":"https:\/\/api.w.org\/{rel}","templated":true}]}}