{"id":91947,"date":"2026-09-01T16:32:23","date_gmt":"2026-09-01T16:32:23","guid":{"rendered":"https:\/\/lahora.mx\/?p=91947"},"modified":"2026-09-01T16:32:24","modified_gmt":"2026-09-01T16:32:24","slug":"jornada-nocturna-accidentada-en-puebla-deja-saldo-de-un-muerto-y-cinco-personas-lesionadas","status":"publish","type":"post","link":"https:\/\/lahora.mx\/index.php\/2026\/09\/01\/jornada-nocturna-accidentada-en-puebla-deja-saldo-de-un-muerto-y-cinco-personas-lesionadas\/","title":{"rendered":"Jornada Nocturna Accidentada en Puebla Deja Saldo de Un Muerto y Cinco Personas Lesionadas"},"content":{"rendered":"\n<p class=\"wp-block-paragraph\"><\/p>\n\n\n\n<p class=\"wp-block-paragraph\">Una serie de percances viales registrados durante el lapso de la noche y la madrugada cobraron la vida de un hombre y dejaron a cinco personas m\u00e1s con heridas en distintos puntos de Puebla capital y su zona conurbada. La v\u00edctima mortal correspond\u00eda a un usuario de transporte p\u00fablico que falleci\u00f3 mientras viajaba a bordo de la unidad 74 de la ruta RS-19, justo cuando el colectivo transitaba en las inmediaciones del Mercado Hidalgo.<\/p>\n\n\n\n<p class=\"wp-block-paragraph\">De acuerdo con los reportes de los servicios de emergencia, entre los incidentes destacados se registr\u00f3 la atenci\u00f3n de una persona que qued\u00f3 tendida sobre la v\u00eda p\u00fablica en el cruce de la avenida 31 Poniente y la 4 Sur, luego de perder el conocimiento tras un percance. Param\u00e9dicos acudieron al sitio para prestar los primeros auxilios y estabilizar a la persona afectada ante la mirada de transe\u00fantes y automovilistas.<\/p>\n\n\n\n<p class=\"wp-block-paragraph\">Asimismo, sobre la banqueta del Bulevar H\u00e9roes del 5 de Mayo, a la altura de las instalaciones de la Fiscal\u00eda General del Estado de Puebla, las asistencias m\u00e9dicas brindaron auxilio a un motociclista que derrap\u00f3 metros atr\u00e1s. Los cuerpos de rescate desplegaron valoraciones continuas en la zona para trasladar a los lesionados a distintos nosocomios a fin de recibir atenci\u00f3n especializada.<\/p>\n\n\n\n<p class=\"wp-block-paragraph\">Las autoridades de tr\u00e1nsito e investigaci\u00f3n ministerial tomaron conocimiento de cada uno de los hechos para deslindar responsabilidades viales y ordenar las diligencias correspondientes sobre la persona fallecida en el colectivo. Las corporaciones de seguridad llamaron a los automovilistas a extremar precauciones al conducir durante la noche para evitar percances en las arterias principales de la zona metropolitana.<\/p>\n","protected":false},"excerpt":{"rendered":"<p>Una serie de percances viales registrados durante el lapso de la noche y la madrugada cobraron la vida de un hombre y dejaron a cinco personas m\u00e1s con heridas en distintos puntos de Puebla capital y su zona conurbada. La v\u00edctima mortal correspond\u00eda a un usuario de transporte p\u00fablico que falleci\u00f3 mientras viajaba a bordo [&hellip;]<\/p>\n","protected":false},"author":1,"featured_media":91948,"comment_status":"open","ping_status":"open","sticky":false,"template":"","format":"standard","meta":{"om_disable_all_campaigns":false,"_monsterinsights_skip_tracking":false,"footnotes":""},"categories":[226],"tags":[],"class_list":["post-91947","post","type-post","status-publish","format-standard","has-post-thumbnail","hentry","category-policia"],"amp_enabled":true,"_links":{"self":[{"href":"https:\/\/lahora.mx\/index.php\/wp-json\/wp\/v2\/posts\/91947","targetHints":{"allow":["GET"]}}],"collection":[{"href":"https:\/\/lahora.mx\/index.php\/wp-json\/wp\/v2\/posts"}],"about":[{"href":"https:\/\/lahora.mx\/index.php\/wp-json\/wp\/v2\/types\/post"}],"author":[{"embeddable":true,"href":"https:\/\/lahora.mx\/index.php\/wp-json\/wp\/v2\/users\/1"}],"replies":[{"embeddable":true,"href":"https:\/\/lahora.mx\/index.php\/wp-json\/wp\/v2\/comments?post=91947"}],"version-history":[{"count":1,"href":"https:\/\/lahora.mx\/index.php\/wp-json\/wp\/v2\/posts\/91947\/revisions"}],"predecessor-version":[{"id":91949,"href":"https:\/\/lahora.mx\/index.php\/wp-json\/wp\/v2\/posts\/91947\/revisions\/91949"}],"wp:featuredmedia":[{"embeddable":true,"href":"https:\/\/lahora.mx\/index.php\/wp-json\/wp\/v2\/media\/91948"}],"wp:attachment":[{"href":"https:\/\/lahora.mx\/index.php\/wp-json\/wp\/v2\/media?parent=91947"}],"wp:term":[{"taxonomy":"category","embeddable":true,"href":"https:\/\/lahora.mx\/index.php\/wp-json\/wp\/v2\/categories?post=91947"},{"taxonomy":"post_tag","embeddable":true,"href":"https:\/\/lahora.mx\/index.php\/wp-json\/wp\/v2\/tags?post=91947"}],"curies":[{"name":"wp","href":"https:\/\/api.w.org\/{rel}","templated":true}]}}