{"id":91944,"date":"2026-09-01T16:29:33","date_gmt":"2026-09-01T16:29:33","guid":{"rendered":"https:\/\/lahora.mx\/?p=91944"},"modified":"2026-09-01T15:27:24","modified_gmt":"2026-09-01T21:27:24","slug":"gobierno-estatal-fortalece-la-atencion-a-migrantes-en-estados-unidos-mediante-las-casas-por-amor-a-puebla","status":"publish","type":"post","link":"https:\/\/lahora.mx\/index.php\/2026\/09\/01\/gobierno-estatal-fortalece-la-atencion-a-migrantes-en-estados-unidos-mediante-las-casas-por-amor-a-puebla\/","title":{"rendered":"Gobierno Estatal Fortalece la Atenci\u00f3n a Migrantes en Estados Unidos Mediante las Casas \u00abPor Amor a Puebla\u00bb"},"content":{"rendered":"\n<p class=\"wp-block-paragraph\">El Gobierno del Estado de Puebla consolid\u00f3 su estrategia de acompa\u00f1amiento a las comunidades de connacionales radicados en Estados Unidos mediante el fortalecimiento operativo de las sedes institucionales de \u00abPor Amor a Puebla\u00bb. Con oficinas en funcionamiento en Nueva York, Nueva Jersey, Los \u00c1ngeles y Chicago, la administraci\u00f3n estatal reafirm\u00f3 su compromiso de acercar los servicios gubernamentales y brindar asistencia jur\u00eddica, administrativa y social a las y los paisanos que viven en el extranjero.<\/p>\n\n\n\n<p class=\"wp-block-paragraph\">Como parte de este plan de expansi\u00f3n institucional, el Ejecutivo del estado confirm\u00f3 el proyecto para la pr\u00f3xima apertura de una nueva Casa de Representaci\u00f3n en Houston, Texas, una de las zonas urbanas de la Uni\u00f3n Americana que concentra una de las densidades m\u00e1s altas de poblaci\u00f3n de origen poblano. La nueva sede permitir\u00e1 ampliar el alcance del otorgamiento de apoyos directos, asesor\u00edas legales, canalizaciones de programas estatales y agilizaci\u00f3n de tr\u00e1mites de identidad o documentaci\u00f3n sin necesidad de que los connacionales se trasladen a la entidad.<\/p>\n\n\n\n<p class=\"wp-block-paragraph\">Complementario a la red de sedes internacionales, el gobierno estatal destac\u00f3 la consolidaci\u00f3n de la conectividad a\u00e9rea a trav\u00e9s del Aeropuerto Internacional de Puebla, en Huejotzingo. El incremento de las frecuencias y las nuevas rutas directas hacia ciudades clave con alta presencia de migrantes facilitan el intercambio comercial, tur\u00edstico y familiar, asegurando una movilidad m\u00e1s \u00e1gil y econ\u00f3mica entre la entidad y los estados con mayor presencia de la di\u00e1spora poblana.<\/p>\n\n\n\n<p class=\"wp-block-paragraph\">Con estas acciones, las autoridades gubernamentales buscan afianzar un v\u00ednculo permanente con los migrantes y sus familias, garantizando la protecci\u00f3n de sus derechos y reconociendo su valioso aporte econ\u00f3mico y social al desarrollo del estado. El gobierno de Puebla mantendr\u00e1 la coordinaci\u00f3n con las instancias federales y consulados de M\u00e9xico para perfeccionar la cobertura de las Casas \u00abPor Amor a Puebla\u00bb en el territorio estadounidense.<\/p>\n","protected":false},"excerpt":{"rendered":"<p>El Gobierno del Estado de Puebla consolid\u00f3 su estrategia de acompa\u00f1amiento a las comunidades de connacionales radicados en Estados Unidos mediante el fortalecimiento operativo de las sedes institucionales de \u00abPor Amor a Puebla\u00bb. Con oficinas en funcionamiento en Nueva York, Nueva Jersey, Los \u00c1ngeles y Chicago, la administraci\u00f3n estatal reafirm\u00f3 su compromiso de acercar los [&hellip;]<\/p>\n","protected":false},"author":1,"featured_media":91945,"comment_status":"open","ping_status":"open","sticky":false,"template":"","format":"standard","meta":{"om_disable_all_campaigns":false,"_monsterinsights_skip_tracking":false,"footnotes":""},"categories":[175],"tags":[239,223],"class_list":["post-91944","post","type-post","status-publish","format-standard","has-post-thumbnail","hentry","category-local","tag-gobierno","tag-puebla"],"amp_enabled":true,"_links":{"self":[{"href":"https:\/\/lahora.mx\/index.php\/wp-json\/wp\/v2\/posts\/91944","targetHints":{"allow":["GET"]}}],"collection":[{"href":"https:\/\/lahora.mx\/index.php\/wp-json\/wp\/v2\/posts"}],"about":[{"href":"https:\/\/lahora.mx\/index.php\/wp-json\/wp\/v2\/types\/post"}],"author":[{"embeddable":true,"href":"https:\/\/lahora.mx\/index.php\/wp-json\/wp\/v2\/users\/1"}],"replies":[{"embeddable":true,"href":"https:\/\/lahora.mx\/index.php\/wp-json\/wp\/v2\/comments?post=91944"}],"version-history":[{"count":1,"href":"https:\/\/lahora.mx\/index.php\/wp-json\/wp\/v2\/posts\/91944\/revisions"}],"predecessor-version":[{"id":91946,"href":"https:\/\/lahora.mx\/index.php\/wp-json\/wp\/v2\/posts\/91944\/revisions\/91946"}],"wp:featuredmedia":[{"embeddable":true,"href":"https:\/\/lahora.mx\/index.php\/wp-json\/wp\/v2\/media\/91945"}],"wp:attachment":[{"href":"https:\/\/lahora.mx\/index.php\/wp-json\/wp\/v2\/media?parent=91944"}],"wp:term":[{"taxonomy":"category","embeddable":true,"href":"https:\/\/lahora.mx\/index.php\/wp-json\/wp\/v2\/categories?post=91944"},{"taxonomy":"post_tag","embeddable":true,"href":"https:\/\/lahora.mx\/index.php\/wp-json\/wp\/v2\/tags?post=91944"}],"curies":[{"name":"wp","href":"https:\/\/api.w.org\/{rel}","templated":true}]}}