{"id":91928,"date":"2026-09-01T03:18:11","date_gmt":"2026-09-01T03:18:11","guid":{"rendered":"https:\/\/lahora.mx\/?p=91928"},"modified":"2026-09-01T03:18:12","modified_gmt":"2026-09-01T03:18:12","slug":"tonantzin-fernandez-entrega-reconocimientos-y-valora-el-desempeno-del-cuerpo-de-bomberos-de-san-pedro-cholula","status":"publish","type":"post","link":"https:\/\/lahora.mx\/index.php\/2026\/09\/01\/tonantzin-fernandez-entrega-reconocimientos-y-valora-el-desempeno-del-cuerpo-de-bomberos-de-san-pedro-cholula\/","title":{"rendered":"Tonantzin Fern\u00e1ndez Entrega Reconocimientos y Valora el Desempe\u00f1o del Cuerpo de Bomberos de San Pedro Cholula"},"content":{"rendered":"\n<p class=\"wp-block-paragraph\">La presidenta municipal de San Pedro Cholula, Tonantzin Fern\u00e1ndez, encabez\u00f3 una ceremonia institucional para otorgar reconocimientos al personal perteneciente al Cuerpo de Bomberos de la demarcaci\u00f3n, destacando su profesionalismo y entrega en la atenci\u00f3n de emergencias locales. La alcaldesa resalt\u00f3 la valent\u00eda de los elementos operacionales en las tareas cotidianas de mitigaci\u00f3n de incendios, rescates y apoyo integral a la poblaci\u00f3n en momentos de riesgo.<\/p>\n\n\n\n<p class=\"wp-block-paragraph\">Durante el encuentro con la corporaci\u00f3n, Fern\u00e1ndez ratific\u00f3 el compromiso de su administraci\u00f3n para gestionar mejoras graduales en las condiciones laborales, la capacitaci\u00f3n t\u00e9cnica continua y el equipamiento del personal de Protecci\u00f3n Civil y Bomberos. En la reuni\u00f3n se enfatiz\u00f3 que el fortalecimiento de la infraestructura de los cuerpos de socorro es indispensable para elevar la capacidad de respuesta operativa ante eventualidades en el municipio.<\/p>\n\n\n\n<p class=\"wp-block-paragraph\">Por su parte, los integrantes de la corporaci\u00f3n agradecieron el respaldo institucional y reafirmaron su disposici\u00f3n de velar por la seguridad y el patrimonio de los habitantes sanandrese\u00f1os y zonas conurbadas. La ceremonia concluy\u00f3 con la entrega formal de incentivos e insumos destinados a la optimizaci\u00f3n de las labores operativas de los brigadistas.<\/p>\n","protected":false},"excerpt":{"rendered":"<p>La presidenta municipal de San Pedro Cholula, Tonantzin Fern\u00e1ndez, encabez\u00f3 una ceremonia institucional para otorgar reconocimientos al personal perteneciente al Cuerpo de Bomberos de la demarcaci\u00f3n, destacando su profesionalismo y entrega en la atenci\u00f3n de emergencias locales. La alcaldesa resalt\u00f3 la valent\u00eda de los elementos operacionales en las tareas cotidianas de mitigaci\u00f3n de incendios, rescates [&hellip;]<\/p>\n","protected":false},"author":1,"featured_media":91929,"comment_status":"open","ping_status":"open","sticky":false,"template":"","format":"standard","meta":{"om_disable_all_campaigns":false,"_monsterinsights_skip_tracking":false,"footnotes":""},"categories":[5],"tags":[234],"class_list":["post-91928","post","type-post","status-publish","format-standard","has-post-thumbnail","hentry","category-politica","tag-cholula"],"amp_enabled":true,"_links":{"self":[{"href":"https:\/\/lahora.mx\/index.php\/wp-json\/wp\/v2\/posts\/91928","targetHints":{"allow":["GET"]}}],"collection":[{"href":"https:\/\/lahora.mx\/index.php\/wp-json\/wp\/v2\/posts"}],"about":[{"href":"https:\/\/lahora.mx\/index.php\/wp-json\/wp\/v2\/types\/post"}],"author":[{"embeddable":true,"href":"https:\/\/lahora.mx\/index.php\/wp-json\/wp\/v2\/users\/1"}],"replies":[{"embeddable":true,"href":"https:\/\/lahora.mx\/index.php\/wp-json\/wp\/v2\/comments?post=91928"}],"version-history":[{"count":1,"href":"https:\/\/lahora.mx\/index.php\/wp-json\/wp\/v2\/posts\/91928\/revisions"}],"predecessor-version":[{"id":91930,"href":"https:\/\/lahora.mx\/index.php\/wp-json\/wp\/v2\/posts\/91928\/revisions\/91930"}],"wp:featuredmedia":[{"embeddable":true,"href":"https:\/\/lahora.mx\/index.php\/wp-json\/wp\/v2\/media\/91929"}],"wp:attachment":[{"href":"https:\/\/lahora.mx\/index.php\/wp-json\/wp\/v2\/media?parent=91928"}],"wp:term":[{"taxonomy":"category","embeddable":true,"href":"https:\/\/lahora.mx\/index.php\/wp-json\/wp\/v2\/categories?post=91928"},{"taxonomy":"post_tag","embeddable":true,"href":"https:\/\/lahora.mx\/index.php\/wp-json\/wp\/v2\/tags?post=91928"}],"curies":[{"name":"wp","href":"https:\/\/api.w.org\/{rel}","templated":true}]}}